{"id":86954,"date":"2026-09-05T11:03:16","date_gmt":"2026-09-05T15:03:16","guid":{"rendered":"https:\/\/www.tceam.tc.br\/?p=86954"},"modified":"2026-09-05T11:03:16","modified_gmt":"2026-09-05T15:03:16","slug":"tce-am-realiza-iii-jornada-tecnica-do-programa-tce-pela-educacao-nos-dias-8-e-9-de-setembro","status":"publish","type":"post","link":"https:\/\/www.tceam.tc.br\/?p=86954","title":{"rendered":"TCE-AM realiza III Jornada T\u00e9cnica do Programa TCE Pela Educa\u00e7\u00e3o nos dias 8 e 9 de setembro"},"content":{"rendered":"<p>&nbsp;<\/p>\n<p style=\"text-align: justify;\">O Tribunal de Contas do Amazonas (TCE-AM) realiza, nos dias 8 e 9 de setembro, a III Jornada T\u00e9cnica do Programa TCE Pela Educa\u00e7\u00e3o. O encontro ser\u00e1 realizado na sede da Corte, em Manaus, e reunir\u00e1 representantes dos munic\u00edpios participantes para uma an\u00e1lise dos resultados alcan\u00e7ados e das a\u00e7\u00f5es que est\u00e3o sendo executadas pelas redes de ensino.<\/p>\n<p style=\"text-align: justify;\">Com o tema \u201cDa a\u00e7\u00e3o ao impacto: busca incans\u00e1vel pelo resultado\u201d, a jornada marca uma nova etapa do programa, que passa a concentrar esfor\u00e7os no acompanhamento da execu\u00e7\u00e3o dos planos de a\u00e7\u00e3o elaborados pelas escolas e secretarias municipais de Educa\u00e7\u00e3o. Ao todo, cerca de 40 mil a\u00e7\u00f5es foram estruturadas pelos participantes do programa.<\/p>\n<p style=\"text-align: justify;\">\u201cO nosso compromisso \u00e9 fazer com que esse trabalho produza resultados concretos e contribua para o aprimoramento da educa\u00e7\u00e3o nos munic\u00edpios participantes\u201d, afirma a presidente do TCE-AM, conselheira Yara Amaz\u00f4nia Lins.<\/p>\n<p style=\"text-align: justify;\">Para o conselheiro-corregedor Fabian Barbosa, que coordena o programa, o momento exige que os planos elaborados pelas redes sejam transformados em medidas concretas.<\/p>\n<p style=\"text-align: justify;\">\u201cOs munic\u00edpios e as escolas j\u00e1 constru\u00edram seus planos de a\u00e7\u00e3o e, agora, precisamos acompanhar o que est\u00e1 sendo realizado, analisar os resultados e intervir sempre que for necess\u00e1rio. A III Jornada T\u00e9cnica \u00e9 justamente esse momento de olhar para os dados e transformar as evid\u00eancias em decis\u00f5es que possam melhorar a aprendizagem e a perman\u00eancia dos estudantes na escola.\u201d<\/p>\n<p style=\"text-align: justify;\">No primeiro dia, a programa\u00e7\u00e3o ser\u00e1 dedicada \u00e0 an\u00e1lise do programa e de seus principais resultados, com apresenta\u00e7\u00e3o dos dados, identifica\u00e7\u00e3o de avan\u00e7os, desafios e prioridades. Tamb\u00e9m ser\u00e3o discutidas estrat\u00e9gias para transformar indicadores e evid\u00eancias em decis\u00f5es e interven\u00e7\u00f5es capazes de produzir resultados concretos nas redes participantes.<\/p>\n<p style=\"text-align: justify;\">J\u00e1 no dia 9, a programa\u00e7\u00e3o ter\u00e1 como foco a avalia\u00e7\u00e3o educacional. Ser\u00e3o apresentados os resultados da avalia\u00e7\u00e3o diagn\u00f3stica realizada nas redes participantes, al\u00e9m de uma forma\u00e7\u00e3o t\u00e9cnica sobre a utiliza\u00e7\u00e3o desses dados como instrumento de apoio \u00e0 gest\u00e3o e \u00e0 aprendizagem. A atividade contar\u00e1 com a participa\u00e7\u00e3o do especialista Luciano Roberto Rocha, doutor em Educa\u00e7\u00e3o.<\/p>\n<p style=\"text-align: justify;\">A programa\u00e7\u00e3o ser\u00e1 encerrada com atividades sobre padroniza\u00e7\u00e3o de pr\u00e1ticas de sucesso na gest\u00e3o educacional, abordando conceitos, m\u00e9todos e instrumentos para transformar estrat\u00e9gias em pr\u00e1ticas consistentes nas redes de ensino. A jornada integra o ciclo de acompanhamento do Programa TCE Pela Educa\u00e7\u00e3o e representa um momento de an\u00e1lise do trabalho desenvolvido at\u00e9 agora e de defini\u00e7\u00e3o das pr\u00f3ximas a\u00e7\u00f5es.<\/p>\n<p style=\"text-align: justify;\">O encontro \u00e9 destinado aos representantes dos munic\u00edpios participantes do Programa TCE Pela Educa\u00e7\u00e3o, com participa\u00e7\u00e3o de secret\u00e1rios municipais de Educa\u00e7\u00e3o e pontos focais titulares.<\/p>\n<p>Texto: Pedro Sousa<br \/>\nFoto: Joel Arthus<br \/>\nDICOM TCE-AM<\/p>\n","protected":false},"excerpt":{"rendered":"<p>&nbsp; O Tribunal de Contas do Amazonas (TCE-AM) realiza, nos dias 8 e 9 de setembro, a III Jornada T\u00e9cnica do Programa TCE Pela Educa\u00e7\u00e3o. O encontro ser\u00e1 realizado na sede da Corte, em Manaus, e reunir\u00e1 representantes dos munic\u00edpios participantes para uma an\u00e1lise dos resultados alcan\u00e7ados e das a\u00e7\u00f5es que est\u00e3o sendo executadas pelas [&hellip;]<\/p>\n","protected":false},"author":82,"featured_media":86955,"comment_status":"closed","ping_status":"closed","sticky":false,"template":"","format":"standard","meta":{"footnotes":""},"categories":[4,13,5],"tags":[],"class_list":["post-86954","post","type-post","status-publish","format-standard","has-post-thumbnail","hentry","category-banner","category-destaque","category-noticias"],"_links":{"self":[{"href":"https:\/\/www.tceam.tc.br\/index.php?rest_route=\/wp\/v2\/posts\/86954","targetHints":{"allow":["GET"]}}],"collection":[{"href":"https:\/\/www.tceam.tc.br\/index.php?rest_route=\/wp\/v2\/posts"}],"about":[{"href":"https:\/\/www.tceam.tc.br\/index.php?rest_route=\/wp\/v2\/types\/post"}],"author":[{"embeddable":true,"href":"https:\/\/www.tceam.tc.br\/index.php?rest_route=\/wp\/v2\/users\/82"}],"replies":[{"embeddable":true,"href":"https:\/\/www.tceam.tc.br\/index.php?rest_route=%2Fwp%2Fv2%2Fcomments&post=86954"}],"version-history":[{"count":1,"href":"https:\/\/www.tceam.tc.br\/index.php?rest_route=\/wp\/v2\/posts\/86954\/revisions"}],"predecessor-version":[{"id":86956,"href":"https:\/\/www.tceam.tc.br\/index.php?rest_route=\/wp\/v2\/posts\/86954\/revisions\/86956"}],"wp:featuredmedia":[{"embeddable":true,"href":"https:\/\/www.tceam.tc.br\/index.php?rest_route=\/wp\/v2\/media\/86955"}],"wp:attachment":[{"href":"https:\/\/www.tceam.tc.br\/index.php?rest_route=%2Fwp%2Fv2%2Fmedia&parent=86954"}],"wp:term":[{"taxonomy":"category","embeddable":true,"href":"https:\/\/www.tceam.tc.br\/index.php?rest_route=%2Fwp%2Fv2%2Fcategories&post=86954"},{"taxonomy":"post_tag","embeddable":true,"href":"https:\/\/www.tceam.tc.br\/index.php?rest_route=%2Fwp%2Fv2%2Ftags&post=86954"}],"curies":[{"name":"wp","href":"https:\/\/api.w.org\/{rel}","templated":true}]}}