{"id":86855,"date":"2026-09-02T15:18:35","date_gmt":"2026-09-02T19:18:35","guid":{"rendered":"https:\/\/www.tceam.tc.br\/?p=86855"},"modified":"2026-09-02T15:18:35","modified_gmt":"2026-09-02T19:18:35","slug":"presidente-do-tce-am-apresenta-pl-a-aleam-para-regular-data-base-dos-servidores-da-corte-de-contas","status":"publish","type":"post","link":"https:\/\/www.tceam.tc.br\/?p=86855","title":{"rendered":"Presidente do TCE-AM apresenta PL \u00e0 Aleam para regular data-base dos servidores da Corte de Contas"},"content":{"rendered":"<p>&nbsp;<\/p>\n<p style=\"text-align: justify;\">A presidente do Tribunal de Contas do Amazonas (TCE-AM), conselheira Yara Amaz\u00f4nia Lins, esteve na Assembleia Legislativa do Amazonas (Aleam), nesta quarta-feira (2), para tratar da data-base dos servidores da Corte de Contas. Na ocasi\u00e3o, ela entregou ao presidente da Aleam, deputado Adjuto Afonso, o projeto de lei que disp\u00f5e sobre a revis\u00e3o geral anual dos vencimentos e proventos dos servidores do Tribunal.<\/p>\n<p>O projeto prev\u00ea a aplica\u00e7\u00e3o do \u00edndice de 4,72% na revis\u00e3o dos vencimentos e proventos.<\/p>\n<p style=\"text-align: justify;\">A presidente Yara Amaz\u00f4nia Lins destacou que a revis\u00e3o representa o reconhecimento do direito dos servidores \u00e0 data-base, conforme previsto na legisla\u00e7\u00e3o. &#8220;Estamos aqui na Casa Legislativa com o presidente, deputado Adjuto Afonso, para trazer o projeto da data-base. \u00c9 o reconhecimento aos servidores para que eles possam ter o \u00edndice de reajuste de acordo com a lei&#8221;, afirmou.<\/p>\n<p style=\"text-align: justify;\">Durante o encontro, o presidente da Assembleia Legislativa afirmou que a Casa dar\u00e1 andamento \u00e0 proposta para que ela possa ser apreciada pelos deputados. Segundo Adjuto Afonso, h\u00e1 possibilidade de que a mat\u00e9ria seja votada j\u00e1 na pr\u00f3xima semana e, caso aprovada, possa ser inclu\u00edda na folha de pagamento de setembro.<\/p>\n<p style=\"text-align: justify;\">&#8220;\u00c9 um prazer muito grande estar recebendo a conselheira-presidente do Tribunal de Contas. Vamos providenciar para ver se na pr\u00f3xima semana a gente j\u00e1 aprova o projeto que reajusta o sal\u00e1rio dos funcion\u00e1rios do TCE, para que seja inclu\u00eddo j\u00e1 na folha de setembro&#8221;, afirmou o presidente da Aleam.<\/p>\n<p>DICOM TCE-AM<\/p>\n","protected":false},"excerpt":{"rendered":"<p>&nbsp; A presidente do Tribunal de Contas do Amazonas (TCE-AM), conselheira Yara Amaz\u00f4nia Lins, esteve na Assembleia Legislativa do Amazonas (Aleam), nesta quarta-feira (2), para tratar da data-base dos servidores da Corte de Contas. Na ocasi\u00e3o, ela entregou ao presidente da Aleam, deputado Adjuto Afonso, o projeto de lei que disp\u00f5e sobre a revis\u00e3o geral [&hellip;]<\/p>\n","protected":false},"author":82,"featured_media":86856,"comment_status":"closed","ping_status":"closed","sticky":false,"template":"","format":"standard","meta":{"footnotes":""},"categories":[4,13,5],"tags":[],"class_list":["post-86855","post","type-post","status-publish","format-standard","has-post-thumbnail","hentry","category-banner","category-destaque","category-noticias"],"_links":{"self":[{"href":"https:\/\/www.tceam.tc.br\/index.php?rest_route=\/wp\/v2\/posts\/86855","targetHints":{"allow":["GET"]}}],"collection":[{"href":"https:\/\/www.tceam.tc.br\/index.php?rest_route=\/wp\/v2\/posts"}],"about":[{"href":"https:\/\/www.tceam.tc.br\/index.php?rest_route=\/wp\/v2\/types\/post"}],"author":[{"embeddable":true,"href":"https:\/\/www.tceam.tc.br\/index.php?rest_route=\/wp\/v2\/users\/82"}],"replies":[{"embeddable":true,"href":"https:\/\/www.tceam.tc.br\/index.php?rest_route=%2Fwp%2Fv2%2Fcomments&post=86855"}],"version-history":[{"count":1,"href":"https:\/\/www.tceam.tc.br\/index.php?rest_route=\/wp\/v2\/posts\/86855\/revisions"}],"predecessor-version":[{"id":86857,"href":"https:\/\/www.tceam.tc.br\/index.php?rest_route=\/wp\/v2\/posts\/86855\/revisions\/86857"}],"wp:featuredmedia":[{"embeddable":true,"href":"https:\/\/www.tceam.tc.br\/index.php?rest_route=\/wp\/v2\/media\/86856"}],"wp:attachment":[{"href":"https:\/\/www.tceam.tc.br\/index.php?rest_route=%2Fwp%2Fv2%2Fmedia&parent=86855"}],"wp:term":[{"taxonomy":"category","embeddable":true,"href":"https:\/\/www.tceam.tc.br\/index.php?rest_route=%2Fwp%2Fv2%2Fcategories&post=86855"},{"taxonomy":"post_tag","embeddable":true,"href":"https:\/\/www.tceam.tc.br\/index.php?rest_route=%2Fwp%2Fv2%2Ftags&post=86855"}],"curies":[{"name":"wp","href":"https:\/\/api.w.org\/{rel}","templated":true}]}}