{"id":86743,"date":"2026-08-31T13:20:54","date_gmt":"2026-08-31T17:20:54","guid":{"rendered":"https:\/\/www.tceam.tc.br\/?p=86743"},"modified":"2026-08-31T13:20:54","modified_gmt":"2026-08-31T17:20:54","slug":"tce-am-julga-53-processos-na-sessao-desta-terca-feira-1o","status":"publish","type":"post","link":"https:\/\/www.tceam.tc.br\/?p=86743","title":{"rendered":"TCE-AM julga 53 processos na sess\u00e3o desta ter\u00e7a-feira (1\u00ba)"},"content":{"rendered":"<p style=\"text-align: justify;\">Os conselheiros do Tribunal de Contas do Amazonas (TCE-AM) devem apreciar 53 processos durante a 27\u00aa Sess\u00e3o Ordin\u00e1ria do Tribunal Pleno, que ser\u00e1 realizada a partir das 10h desta ter\u00e7a-feira (1\u00ba).<\/p>\n<p style=\"text-align: justify;\">Conduzida pela conselheira-presidente Yara Amaz\u00f4nia Lins, a sess\u00e3o ter\u00e1 transmiss\u00e3o ao vivo por meio das redes sociais do Tribunal, entre elas Facebook e YouTube.<\/p>\n<p style=\"text-align: justify;\">Do total de processos, quatro integram a pauta de adiados, que retornam a julgamento ap\u00f3s terem sido retirados de pautas anteriores. Entre os processos est\u00e3o uma representa\u00e7\u00e3o, dois recursos e uma presta\u00e7\u00e3o de contas anual.<\/p>\n<p style=\"text-align: justify;\">J\u00e1 a pauta do dia, com 49 processos, ter\u00e1 sete embargos de declara\u00e7\u00e3o, 15 representa\u00e7\u00f5es, 15 recursos, sete presta\u00e7\u00f5es de contas anuais, quatro cobran\u00e7as executivas de d\u00e9bitos imputados ou multas e uma auditoria de conformidade.<\/p>\n<p><strong>Foto<\/strong>: Joel Arthus<br \/>\n<strong>DICOM TCE-AM<\/strong><\/p>\n","protected":false},"excerpt":{"rendered":"<p>Os conselheiros do Tribunal de Contas do Amazonas (TCE-AM) devem apreciar 53 processos durante a 27\u00aa Sess\u00e3o Ordin\u00e1ria do Tribunal Pleno, que ser\u00e1 realizada a partir das 10h desta ter\u00e7a-feira (1\u00ba). Conduzida pela conselheira-presidente Yara Amaz\u00f4nia Lins, a sess\u00e3o ter\u00e1 transmiss\u00e3o ao vivo por meio das redes sociais do Tribunal, entre elas Facebook e YouTube. [&hellip;]<\/p>\n","protected":false},"author":82,"featured_media":86744,"comment_status":"closed","ping_status":"closed","sticky":false,"template":"","format":"standard","meta":{"footnotes":""},"categories":[4,13,5],"tags":[],"class_list":["post-86743","post","type-post","status-publish","format-standard","has-post-thumbnail","hentry","category-banner","category-destaque","category-noticias"],"_links":{"self":[{"href":"https:\/\/www.tceam.tc.br\/index.php?rest_route=\/wp\/v2\/posts\/86743","targetHints":{"allow":["GET"]}}],"collection":[{"href":"https:\/\/www.tceam.tc.br\/index.php?rest_route=\/wp\/v2\/posts"}],"about":[{"href":"https:\/\/www.tceam.tc.br\/index.php?rest_route=\/wp\/v2\/types\/post"}],"author":[{"embeddable":true,"href":"https:\/\/www.tceam.tc.br\/index.php?rest_route=\/wp\/v2\/users\/82"}],"replies":[{"embeddable":true,"href":"https:\/\/www.tceam.tc.br\/index.php?rest_route=%2Fwp%2Fv2%2Fcomments&post=86743"}],"version-history":[{"count":1,"href":"https:\/\/www.tceam.tc.br\/index.php?rest_route=\/wp\/v2\/posts\/86743\/revisions"}],"predecessor-version":[{"id":86745,"href":"https:\/\/www.tceam.tc.br\/index.php?rest_route=\/wp\/v2\/posts\/86743\/revisions\/86745"}],"wp:featuredmedia":[{"embeddable":true,"href":"https:\/\/www.tceam.tc.br\/index.php?rest_route=\/wp\/v2\/media\/86744"}],"wp:attachment":[{"href":"https:\/\/www.tceam.tc.br\/index.php?rest_route=%2Fwp%2Fv2%2Fmedia&parent=86743"}],"wp:term":[{"taxonomy":"category","embeddable":true,"href":"https:\/\/www.tceam.tc.br\/index.php?rest_route=%2Fwp%2Fv2%2Fcategories&post=86743"},{"taxonomy":"post_tag","embeddable":true,"href":"https:\/\/www.tceam.tc.br\/index.php?rest_route=%2Fwp%2Fv2%2Ftags&post=86743"}],"curies":[{"name":"wp","href":"https:\/\/api.w.org\/{rel}","templated":true}]}}