
{"id":84705,"date":"2026-04-30T15:16:20","date_gmt":"2026-04-30T19:16:20","guid":{"rendered":"https:\/\/www.tceam.tc.br\/?p=84705"},"modified":"2026-04-30T15:31:48","modified_gmt":"2026-04-30T19:31:48","slug":"presidente-do-tce-am-recebe-bancada-feminina-de-barcelos-e-discute-enfrentamento-a-violencia-contra-a-mulher","status":"publish","type":"post","link":"https:\/\/www.tceam.tc.br\/?p=84705","title":{"rendered":"Presidente do TCE-AM recebe bancada feminina de Barcelos e discute enfrentamento \u00e0 viol\u00eancia contra a mulher"},"content":{"rendered":"<p style=\"text-align: justify;\">A conselheira-presidente do Tribunal de Contas do Amazonas (TCE-AM), Yara Amaz\u00f4nia Lins, recebeu, na manh\u00e3 desta quinta-feira (30), uma comitiva de vereadoras do munic\u00edpio de Barcelos. O encontro ocorreu na sede da Corte de Contas e reuniu as parlamentares Raycka Lacerda, Deusa Mota e Lanna Raquel, integrantes da bancada feminina da C\u00e2mara Municipal.<\/p>\n<p style=\"text-align: justify;\">Entre os temas levados \u00e0 reuni\u00e3o, esteve a preocupa\u00e7\u00e3o com o aumento de casos de viol\u00eancia contra a mulher no munic\u00edpio, incluindo registros recentes de feminic\u00eddio, o que motivou a busca por apoio institucional e orienta\u00e7\u00e3o t\u00e9cnica junto ao Tribunal.<\/p>\n<p style=\"text-align: justify;\">A agenda teve como foco a troca de orienta\u00e7\u00f5es t\u00e9cnicas e o fortalecimento do di\u00e1logo institucional entre o TCE-AM e o Legislativo municipal. Durante a reuni\u00e3o, as vereadoras apresentaram demandas relacionadas \u00e0 atua\u00e7\u00e3o do poder p\u00fablico em Barcelos e buscaram apoio da Corte para ampliar a efetividade de pol\u00edticas p\u00fablicas no munic\u00edpio.<\/p>\n<p style=\"text-align: justify;\">\u201c\u00c9 fundamental que os munic\u00edpios tenham esse di\u00e1logo com os \u00f3rg\u00e3os de controle. O Tribunal est\u00e1 \u00e0 disposi\u00e7\u00e3o para orientar e contribuir com iniciativas que fortale\u00e7am as pol\u00edticas p\u00fablicas, especialmente em pautas sens\u00edveis que exigem atua\u00e7\u00e3o integrada\u201d, afirmou a conselheira-presidente.<\/p>\n<p style=\"text-align: justify;\">Ao detalhar a reuni\u00e3o, a vereadora Lanna Raquel destacou a receptividade e o car\u00e1ter t\u00e9cnico do encontro. \u201cN\u00f3s viemos aqui com a conselheira, fomos muito bem recepcionadas. Pude pedir uma orienta\u00e7\u00e3o dela. Foi uma conversa muito tranquila e, com certeza, a gente sai daqui com muito conhecimento adquirido\u201d, afirmou.<\/p>\n<p><a href=\"https:\/\/www.tceam.tc.br\/wp-content\/uploads\/2026\/04\/JAZZ0284-copy.jpg-scaled.jpeg\"><img fetchpriority=\"high\" decoding=\"async\" class=\"aligncenter size-full wp-image-84708\" src=\"https:\/\/www.tceam.tc.br\/wp-content\/uploads\/2026\/04\/JAZZ0284-copy.jpg-scaled.jpeg\" alt=\"\" width=\"1024\" height=\"706\" srcset=\"https:\/\/www.tceam.tc.br\/wp-content\/uploads\/2026\/04\/JAZZ0284-copy.jpg-scaled.jpeg 1024w, https:\/\/www.tceam.tc.br\/wp-content\/uploads\/2026\/04\/JAZZ0284-copy.jpg-300x207.jpeg 300w, https:\/\/www.tceam.tc.br\/wp-content\/uploads\/2026\/04\/JAZZ0284-copy.jpg-768x530.jpeg 768w, https:\/\/www.tceam.tc.br\/wp-content\/uploads\/2026\/04\/JAZZ0284-copy.jpg-1536x1059.jpeg 1536w, https:\/\/www.tceam.tc.br\/wp-content\/uploads\/2026\/04\/JAZZ0284-copy.jpg-2048x1412.jpeg 2048w\" sizes=\"(max-width: 1024px) 100vw, 1024px\" \/><\/a><\/p>\n<p style=\"text-align: justify;\">Segundo as parlamentares, a principal pauta apresentada \u00e0 presid\u00eancia do TCE-AM foi a necessidade de fortalecimento de pol\u00edticas p\u00fablicas voltadas ao enfrentamento da viol\u00eancia contra a mulher.<\/p>\n<p style=\"text-align: justify;\">\u201cN\u00f3s somos a bancada feminina do munic\u00edpio de Barcelos e o que nos trouxe aqui foi a pauta da mulher. Infelizmente, temos um dado alarmante de viol\u00eancia contra a mulher e, nos \u00faltimos anos, t\u00eam ocorrido feminic\u00eddios. Viemos pedir orienta\u00e7\u00e3o para fortalecer esse olhar do estado para Barcelos\u201d, explicou a vereadora Raycka Lacerda.<\/p>\n<p style=\"text-align: justify;\">As vereadoras tamb\u00e9m ressaltaram a import\u00e2ncia simb\u00f3lica do encontro com a presid\u00eancia da Corte. \u201cEla [conselheira Yara] \u00e9 uma refer\u00eancia de mulher dentro do estado do Amazonas, por ter chegado ao \u00e1pice de uma institui\u00e7\u00e3o que orienta a administra\u00e7\u00e3o p\u00fablica. Foi muito importante esse momento com ela\u201d, disse Lanna Raquel.<\/p>\n<p style=\"text-align: justify;\">Como encaminhamento da reuni\u00e3o, ficou acordada a realiza\u00e7\u00e3o de uma a\u00e7\u00e3o itinerante da Ouvidoria da Mulher do TCE-AM no munic\u00edpio de Barcelos. A iniciativa deve ampliar o acesso a canais de escuta e fortalecer a articula\u00e7\u00e3o institucional em torno da pauta.<\/p>\n<p style=\"text-align: justify;\">\u201cA ouvidoria da mulher do Tribunal de Contas ir\u00e1 at\u00e9 Barcelos para fortalecer essa pol\u00edtica p\u00fablica e dar mais visibilidade \u00e0 nossa voz junto ao estado\u201d, concluiu Raycka Lacerda.<\/p>\n<p style=\"text-align: justify;\">Texto: Pedro Sousa<br \/>\nFotos: Filipe Jazz<\/p>\n","protected":false},"excerpt":{"rendered":"<p>A conselheira-presidente do Tribunal de Contas do Amazonas (TCE-AM), Yara Amaz\u00f4nia Lins, recebeu, na manh\u00e3 desta quinta-feira (30), uma comitiva de vereadoras do munic\u00edpio de Barcelos. O encontro ocorreu na sede da Corte de Contas e reuniu as parlamentares Raycka Lacerda, Deusa Mota e Lanna Raquel, integrantes da bancada feminina da C\u00e2mara Municipal. Entre os [&hellip;]<\/p>\n","protected":false},"author":88,"featured_media":84710,"comment_status":"closed","ping_status":"closed","sticky":false,"template":"","format":"standard","meta":{"footnotes":""},"categories":[4,13,5],"tags":[],"class_list":["post-84705","post","type-post","status-publish","format-standard","has-post-thumbnail","hentry","category-banner","category-destaque","category-noticias"],"_links":{"self":[{"href":"https:\/\/www.tceam.tc.br\/index.php?rest_route=\/wp\/v2\/posts\/84705","targetHints":{"allow":["GET"]}}],"collection":[{"href":"https:\/\/www.tceam.tc.br\/index.php?rest_route=\/wp\/v2\/posts"}],"about":[{"href":"https:\/\/www.tceam.tc.br\/index.php?rest_route=\/wp\/v2\/types\/post"}],"author":[{"embeddable":true,"href":"https:\/\/www.tceam.tc.br\/index.php?rest_route=\/wp\/v2\/users\/88"}],"replies":[{"embeddable":true,"href":"https:\/\/www.tceam.tc.br\/index.php?rest_route=%2Fwp%2Fv2%2Fcomments&post=84705"}],"version-history":[{"count":2,"href":"https:\/\/www.tceam.tc.br\/index.php?rest_route=\/wp\/v2\/posts\/84705\/revisions"}],"predecessor-version":[{"id":84709,"href":"https:\/\/www.tceam.tc.br\/index.php?rest_route=\/wp\/v2\/posts\/84705\/revisions\/84709"}],"wp:featuredmedia":[{"embeddable":true,"href":"https:\/\/www.tceam.tc.br\/index.php?rest_route=\/wp\/v2\/media\/84710"}],"wp:attachment":[{"href":"https:\/\/www.tceam.tc.br\/index.php?rest_route=%2Fwp%2Fv2%2Fmedia&parent=84705"}],"wp:term":[{"taxonomy":"category","embeddable":true,"href":"https:\/\/www.tceam.tc.br\/index.php?rest_route=%2Fwp%2Fv2%2Fcategories&post=84705"},{"taxonomy":"post_tag","embeddable":true,"href":"https:\/\/www.tceam.tc.br\/index.php?rest_route=%2Fwp%2Fv2%2Ftags&post=84705"}],"curies":[{"name":"wp","href":"https:\/\/api.w.org\/{rel}","templated":true}]}}