
{"id":84700,"date":"2026-04-30T08:51:31","date_gmt":"2026-04-30T12:51:31","guid":{"rendered":"https:\/\/www.tceam.tc.br\/?p=84700"},"modified":"2026-04-30T08:51:31","modified_gmt":"2026-04-30T12:51:31","slug":"ecp-do-tce-am-inicia-maio-com-cursos-que-conectam-gestao-sociedade-e-futuro","status":"publish","type":"post","link":"https:\/\/www.tceam.tc.br\/?p=84700","title":{"rendered":"ECP do TCE-AM inicia maio com cursos que conectam gest\u00e3o, sociedade e futuro"},"content":{"rendered":"<p>A Escola de Contas P\u00fablicas do Tribunal de Contas do Amazonas (ECP\/TCE-AM) inicia a programa\u00e7\u00e3o de maio com uma agenda diversificada de cursos presenciais voltados \u00e0 qualifica\u00e7\u00e3o de servidores p\u00fablicos e da sociedade civil.<\/p>\n<p>A a\u00e7\u00e3o est\u00e1 alinhada \u00e0s diretrizes da gest\u00e3o da conselheira-presidente Yara Amaz\u00f4nia Lins, que tem priorizado o fortalecimento da atua\u00e7\u00e3o pedag\u00f3gica do Tribunal como forma de orientar, prevenir falhas e qualificar os servi\u00e7os oferecidos \u00e0 popula\u00e7\u00e3o.<\/p>\n<p>Nesse contexto, a programa\u00e7\u00e3o foi estruturada para atender diferentes perfis e \u00e1reas de atua\u00e7\u00e3o, com conte\u00fados que dialogam tanto com a administra\u00e7\u00e3o p\u00fablica quanto com a sociedade.<\/p>\n<p>O coordenador-geral da ECP, conselheiro J\u00falio Pinheiro, destaca que a proposta vai al\u00e9m da capacita\u00e7\u00e3o t\u00e9cnica.<\/p>\n<p><em>\u201cA Escola de Contas P\u00fablicas segue comprometida em oferecer oportunidades de qualifica\u00e7\u00e3o que dialoguem com as necessidades da sociedade. S\u00e3o cursos pensados para diferentes p\u00fablicos, que contribuem para o desenvolvimento profissional e para a melhoria dos servi\u00e7os p\u00fablicos.\u201d<\/em><\/p>\n<p>Ao longo do m\u00eas, a ECP oferta capacita\u00e7\u00f5es em \u00e1reas como desenvolvimento humano, intelig\u00eancia emocional e sustentabilidade, em diferentes cidades do Amazonas.<\/p>\n<p>Entre os cursos ofertados, destaca-se \u201cPrimeira Inf\u00e2ncia: Condi\u00e7\u00f5es de Vida, Educa\u00e7\u00e3o e Desenvolvimento Humano no Amazonas\u201d, ministrado pela professora Michelle Bissoli, nos dias 7 e 8 de maio, das 13h \u00e0s 17h, na ECP, com carga hor\u00e1ria de 8 horas.<\/p>\n<p>Tamb\u00e9m comp\u00f5e a programa\u00e7\u00e3o o curso \u201cEquil\u00edbrio e Alta Performance: Intelig\u00eancia Emocional, Foco e Gest\u00e3o do Tempo na Pr\u00e1tica\u201d, conduzido pelo instrutor Raphael H. Cortez\u00e3o, de 11 a 13 de maio, das 13h \u00e0s 16h, na ECP, totalizando 9 horas.<\/p>\n<p>Na \u00e1rea ambiental, ser\u00e1 realizado o curso \u201cAdapta\u00e7\u00e3o Clim\u00e1tica e Preven\u00e7\u00e3o Ambiental nos Munic\u00edpios: os Desdobramentos da COP30\u201d, ministrado pelo jornalista Ant\u00f4nio Ximenes, nos dias 14 e 15 de maio, das 13h \u00e0s 17h, tamb\u00e9m na ECP, com carga hor\u00e1ria de 8 horas.<\/p>\n<p>As inscri\u00e7\u00f5es para todos os cursos est\u00e3o dispon\u00edveis no site da Escola de Contas, em https:\/\/ecpvirtual.tce.am.gov.br\/.<\/p>\n<p>Al\u00e9m dessas capacita\u00e7\u00f5es, a programa\u00e7\u00e3o de maio re\u00fane diversos outros cursos voltados a diferentes \u00e1reas do conhecimento e perfis de p\u00fablico, conforme o calend\u00e1rio pedag\u00f3gico da Escola<\/p>\n<p>Texto: Adr\u00edssia Pinheiro<br \/>\nFoto: Filipe Jazz<br \/>\nDICOM TCE-AM<\/p>\n","protected":false},"excerpt":{"rendered":"<p>A Escola de Contas P\u00fablicas do Tribunal de Contas do Amazonas (ECP\/TCE-AM) inicia a programa\u00e7\u00e3o de maio com uma agenda diversificada de cursos presenciais voltados \u00e0 qualifica\u00e7\u00e3o de servidores p\u00fablicos e da sociedade civil. A a\u00e7\u00e3o est\u00e1 alinhada \u00e0s diretrizes da gest\u00e3o da conselheira-presidente Yara Amaz\u00f4nia Lins, que tem priorizado o fortalecimento da atua\u00e7\u00e3o pedag\u00f3gica [&hellip;]<\/p>\n","protected":false},"author":93,"featured_media":75874,"comment_status":"closed","ping_status":"closed","sticky":false,"template":"","format":"standard","meta":{"footnotes":""},"categories":[4,13,5],"tags":[],"class_list":["post-84700","post","type-post","status-publish","format-standard","has-post-thumbnail","hentry","category-banner","category-destaque","category-noticias"],"_links":{"self":[{"href":"https:\/\/www.tceam.tc.br\/index.php?rest_route=\/wp\/v2\/posts\/84700","targetHints":{"allow":["GET"]}}],"collection":[{"href":"https:\/\/www.tceam.tc.br\/index.php?rest_route=\/wp\/v2\/posts"}],"about":[{"href":"https:\/\/www.tceam.tc.br\/index.php?rest_route=\/wp\/v2\/types\/post"}],"author":[{"embeddable":true,"href":"https:\/\/www.tceam.tc.br\/index.php?rest_route=\/wp\/v2\/users\/93"}],"replies":[{"embeddable":true,"href":"https:\/\/www.tceam.tc.br\/index.php?rest_route=%2Fwp%2Fv2%2Fcomments&post=84700"}],"version-history":[{"count":1,"href":"https:\/\/www.tceam.tc.br\/index.php?rest_route=\/wp\/v2\/posts\/84700\/revisions"}],"predecessor-version":[{"id":84701,"href":"https:\/\/www.tceam.tc.br\/index.php?rest_route=\/wp\/v2\/posts\/84700\/revisions\/84701"}],"wp:featuredmedia":[{"embeddable":true,"href":"https:\/\/www.tceam.tc.br\/index.php?rest_route=\/wp\/v2\/media\/75874"}],"wp:attachment":[{"href":"https:\/\/www.tceam.tc.br\/index.php?rest_route=%2Fwp%2Fv2%2Fmedia&parent=84700"}],"wp:term":[{"taxonomy":"category","embeddable":true,"href":"https:\/\/www.tceam.tc.br\/index.php?rest_route=%2Fwp%2Fv2%2Fcategories&post=84700"},{"taxonomy":"post_tag","embeddable":true,"href":"https:\/\/www.tceam.tc.br\/index.php?rest_route=%2Fwp%2Fv2%2Ftags&post=84700"}],"curies":[{"name":"wp","href":"https:\/\/api.w.org\/{rel}","templated":true}]}}