
{"id":84695,"date":"2026-04-29T15:17:06","date_gmt":"2026-04-29T19:17:06","guid":{"rendered":"https:\/\/www.tceam.tc.br\/?p=84695"},"modified":"2026-04-29T15:17:06","modified_gmt":"2026-04-29T19:17:06","slug":"reconhecimento-de-um-trabalho-continuo-afirma-yara-sobre-lideranca-do-tce-am-em-premio-de-acessibilidade","status":"publish","type":"post","link":"https:\/\/www.tceam.tc.br\/?p=84695","title":{"rendered":"\u201cReconhecimento de um trabalho cont\u00ednuo\u201d, afirma Yara sobre lideran\u00e7a do TCE-AM em pr\u00eamio de acessibilidade"},"content":{"rendered":"<p style=\"text-align: justify;\">O reconhecimento ao trabalho de inclus\u00e3o do Tribunal de Contas do Amazonas (TCE-AM) foi destacado durante a 12\u00aa Sess\u00e3o Ordin\u00e1ria do Tribunal Pleno, na manh\u00e3 desta quarta-feira (29). Ao comunicar a conquista do primeiro lugar no Ranking de Acessibilidade Digital 2026, a conselheira-presidente Yara Amaz\u00f4nia Lins ressaltou o car\u00e1ter cont\u00ednuo das a\u00e7\u00f5es desenvolvidas pela Corte.<\/p>\n<p style=\"text-align: justify;\">\u201cEssa conquista representa o reconhecimento de um trabalho cont\u00ednuo voltado \u00e0 inclus\u00e3o. Parabenizo, na pessoa da procuradora Fernanda Cantanhede e do conselheiro \u00c9rico Desterro, todos os servidores envolvidos, que t\u00eam como principal foco uma sociedade mais inclusiva para todos\u201d, afirmou.<\/p>\n<p style=\"text-align: justify;\">O certificado referente \u00e0 premia\u00e7\u00e3o foi entregue \u00e0 conselheira-presidente, tamb\u00e9m nesta quarta-feira (29), pela presidente da Comiss\u00e3o Permanente de Acessibilidade do TCE-AM, procuradora Fernanda Cantanhede, e pelo auditor t\u00e9cnico de controle externo do Minist\u00e9rio P\u00fablico de Contas (MPC-AM), Kleilson Mota, que representou o Tribunal na solenidade de certifica\u00e7\u00e3o promovida pelo Minist\u00e9rio P\u00fablico do Estado do Amazonas (MPAM).<\/p>\n<p style=\"text-align: justify;\">A premia\u00e7\u00e3o foi conquistada pelo TCE-AM no \u00faltimo dia 24 de abril, durante cerim\u00f4nia do projeto Rede PCD, iniciativa do MPAM que avalia os sites de \u00f3rg\u00e3os p\u00fablicos estaduais e municipais com base em crit\u00e9rios de acessibilidade digital.<\/p>\n<p style=\"text-align: justify;\">Ao comentar a entrega, a procuradora Fernanda destacou que o reconhecimento consolida um conjunto de a\u00e7\u00f5es institucionais voltadas \u00e0 inclus\u00e3o.<\/p>\n<p style=\"text-align: justify;\">\u201cO certificado reconhece a atua\u00e7\u00e3o do Tribunal no desenvolvimento de programas de inclus\u00e3o da pessoa com defici\u00eancia. A Comiss\u00e3o Permanente de Acessibilidade contou com o apoio da Presid\u00eancia para fortalecer essas iniciativas, que envolvem desde a\u00e7\u00f5es internas at\u00e9 a amplia\u00e7\u00e3o da acessibilidade digital. A luta pela inclus\u00e3o \u00e9 permanente e envolve n\u00e3o apenas aspectos arquitet\u00f4nicos, mas tamb\u00e9m comunicacionais, atitudinais e digitais\u201d, afirmou.<\/p>\n<p style=\"text-align: justify;\">Ela tamb\u00e9m citou avan\u00e7os recentes da Corte, como a realiza\u00e7\u00e3o do <strong><a href=\"https:\/\/www.tceam.tc.br\/?p=84482\">1\u00ba Semin\u00e1rio de Acessibilidade da Regi\u00e3o Norte dos Tribunais de Contas<\/a><\/strong> e a oferta de curso sobre gest\u00e3o p\u00fablica e direitos das pessoas com defici\u00eancia.<\/p>\n<h3 style=\"text-align: justify;\">Ranking de Acessibilidade Digital 2026<\/h3>\n<p style=\"text-align: justify;\">A avalia\u00e7\u00e3o do ranking integra o projeto Rede PCD e utiliza metodologia desenvolvida em parceria com a plataforma AMAWeb, vinculada \u00e0 Universidade Federal de S\u00e3o Paulo (Unifesp), que identifica barreiras de acesso e orienta melhorias nos ambientes digitais.<\/p>\n<p style=\"text-align: justify;\">Na ocasi\u00e3o, o auditor Kleilson Mota destacou que o resultado reflete um esfor\u00e7o institucional cont\u00ednuo. Segundo ele, o trabalho conjunto entre o TCE-AM e o MPC-AM tem buscado ampliar o acesso da popula\u00e7\u00e3o aos servi\u00e7os p\u00fablicos por meio da inclus\u00e3o digital.<\/p>\n<p style=\"text-align: justify;\">Al\u00e9m do TCE-AM, outras institui\u00e7\u00f5es tamb\u00e9m alcan\u00e7aram destaque na avalia\u00e7\u00e3o, que integra uma estrat\u00e9gia do Minist\u00e9rio P\u00fablico para promover pr\u00e1ticas mais inclusivas, transparentes e eficientes no ambiente digital do estado.<\/p>\n<p style=\"text-align: justify;\">Texto: Pedro Sousa<br \/>\nFoto: Joel Arthus<\/p>\n","protected":false},"excerpt":{"rendered":"<p>O reconhecimento ao trabalho de inclus\u00e3o do Tribunal de Contas do Amazonas (TCE-AM) foi destacado durante a 12\u00aa Sess\u00e3o Ordin\u00e1ria do Tribunal Pleno, na manh\u00e3 desta quarta-feira (29). Ao comunicar a conquista do primeiro lugar no Ranking de Acessibilidade Digital 2026, a conselheira-presidente Yara Amaz\u00f4nia Lins ressaltou o car\u00e1ter cont\u00ednuo das a\u00e7\u00f5es desenvolvidas pela Corte. [&hellip;]<\/p>\n","protected":false},"author":88,"featured_media":84697,"comment_status":"closed","ping_status":"closed","sticky":false,"template":"","format":"standard","meta":{"footnotes":""},"categories":[4,13,5],"tags":[],"class_list":["post-84695","post","type-post","status-publish","format-standard","has-post-thumbnail","hentry","category-banner","category-destaque","category-noticias"],"_links":{"self":[{"href":"https:\/\/www.tceam.tc.br\/index.php?rest_route=\/wp\/v2\/posts\/84695","targetHints":{"allow":["GET"]}}],"collection":[{"href":"https:\/\/www.tceam.tc.br\/index.php?rest_route=\/wp\/v2\/posts"}],"about":[{"href":"https:\/\/www.tceam.tc.br\/index.php?rest_route=\/wp\/v2\/types\/post"}],"author":[{"embeddable":true,"href":"https:\/\/www.tceam.tc.br\/index.php?rest_route=\/wp\/v2\/users\/88"}],"replies":[{"embeddable":true,"href":"https:\/\/www.tceam.tc.br\/index.php?rest_route=%2Fwp%2Fv2%2Fcomments&post=84695"}],"version-history":[{"count":1,"href":"https:\/\/www.tceam.tc.br\/index.php?rest_route=\/wp\/v2\/posts\/84695\/revisions"}],"predecessor-version":[{"id":84699,"href":"https:\/\/www.tceam.tc.br\/index.php?rest_route=\/wp\/v2\/posts\/84695\/revisions\/84699"}],"wp:featuredmedia":[{"embeddable":true,"href":"https:\/\/www.tceam.tc.br\/index.php?rest_route=\/wp\/v2\/media\/84697"}],"wp:attachment":[{"href":"https:\/\/www.tceam.tc.br\/index.php?rest_route=%2Fwp%2Fv2%2Fmedia&parent=84695"}],"wp:term":[{"taxonomy":"category","embeddable":true,"href":"https:\/\/www.tceam.tc.br\/index.php?rest_route=%2Fwp%2Fv2%2Fcategories&post=84695"},{"taxonomy":"post_tag","embeddable":true,"href":"https:\/\/www.tceam.tc.br\/index.php?rest_route=%2Fwp%2Fv2%2Ftags&post=84695"}],"curies":[{"name":"wp","href":"https:\/\/api.w.org\/{rel}","templated":true}]}}