
{"id":84666,"date":"2026-04-27T14:31:31","date_gmt":"2026-04-27T18:31:31","guid":{"rendered":"https:\/\/www.tceam.tc.br\/?p=84666"},"modified":"2026-04-28T08:47:05","modified_gmt":"2026-04-28T12:47:05","slug":"em-seminario-do-mec-tce-am-reforca-papel-orientador-nas-politicas-para-a-primeira-infancia","status":"publish","type":"post","link":"https:\/\/www.tceam.tc.br\/?p=84666","title":{"rendered":"Em semin\u00e1rio do MEC, TCE-AM refor\u00e7a papel orientador nas pol\u00edticas para a primeira inf\u00e2ncia"},"content":{"rendered":"<p><span style=\"color: #000000;\">O Tribunal de Contas do Estado do Amazonas (TCE-AM) sediou, nesta segunda-feira (27), o Semin\u00e1rio Estadual \u201cPol\u00edticas P\u00fablicas para a Primeira Inf\u00e2ncia: Diagn\u00f3stico e A\u00e7\u00e3o\u201d, promovido pelo Minist\u00e9rio da Educa\u00e7\u00e3o (MEC), em parceria com a Associa\u00e7\u00e3o dos Membros dos Tribunais de Contas do Brasil (Atricon) e o Instituto Rui Barbosa (IRB).<\/span><\/p>\n<p><span style=\"color: #000000;\">O encontro colocou em debate os desafios do Amazonas na garantia de direitos \u00e0s crian\u00e7as de 0 a 6 anos, com foco na integra\u00e7\u00e3o entre educa\u00e7\u00e3o, sa\u00fade, assist\u00eancia social, prote\u00e7\u00e3o e gest\u00e3o p\u00fablica, dentro da Pol\u00edtica Nacional Integrada da Primeira Inf\u00e2ncia (PNIPI). A proposta foi aproximar institui\u00e7\u00f5es e gestores em torno de a\u00e7\u00f5es capazes de sair do diagn\u00f3stico e chegar \u00e0 pr\u00e1tica nos munic\u00edpios.<\/span><\/p>\n<p><span style=\"color: #000000;\">Neste contexto, a conselheira-presidente do TCE-AM, Yara Amaz\u00f4nia Lins, destacou que a Corte amazonense vem ampliando sua atua\u00e7\u00e3o para al\u00e9m da fiscaliza\u00e7\u00e3o tradicional, oferecendo orienta\u00e7\u00e3o t\u00e9cnica e incentivando boas pr\u00e1ticas na gest\u00e3o p\u00fablica. Para a presidente, esse trabalho contribui para pol\u00edticas mais eficientes e servi\u00e7os melhores \u00e0 popula\u00e7\u00e3o.<\/span><\/p>\n<p><span style=\"color: #000000;\">Yara Lins tamb\u00e9m citou mais uma contribui\u00e7\u00e3o recente do Tribunal na \u00e1rea educacional, por meio do \u201cPrograma de Apoio \u00e0 Melhoria da Qualidade do Ensino no Amazonas\u201d, voltado \u00e0s redes municipais. A iniciativa, como explicou, est\u00e1 estruturada em cinco pilares: alfabetiza\u00e7\u00e3o, avan\u00e7o da aprendizagem, equidade, perman\u00eancia escolar e maturidade da gest\u00e3o.<\/span><\/p>\n<p><span style=\"color: #000000;\">A palestra magna do evento foi conduzida pelo subsecret\u00e1rio da Pol\u00edtica Nacional Integrada da Primeira Inf\u00e2ncia do Minist\u00e9rio da Educa\u00e7\u00e3o, Alexsandro do Nascimento, que detalhou os principais desafios do pa\u00eds para transformar a primeira inf\u00e2ncia em prioridade permanente de Estado.<\/span><\/p>\n<p><span style=\"color: #000000;\">\u201cO Brasil tem tr\u00eas grandes desafios. O primeiro \u00e9 fazer o Estado operar de maneira intersetorial.\u201d<\/span><\/p>\n<p><span style=\"color: #000000;\">Segundo ele, isso significa integrar pol\u00edticas de educa\u00e7\u00e3o, sa\u00fade e assist\u00eancia social para que creches, vacina\u00e7\u00e3o, pr\u00e9-natal e prote\u00e7\u00e3o \u00e0s fam\u00edlias funcionem de forma articulada.<\/span><\/p>\n<p><span style=\"color: #000000;\">O segundo desafio, explicou, \u00e9 a integra\u00e7\u00e3o de dados entre munic\u00edpios, estados e Uni\u00e3o, permitindo identificar com mais precis\u00e3o a realidade de cada beb\u00ea, crian\u00e7a e fam\u00edlia brasileira. J\u00e1 o terceiro ponto envolve o fortalecimento do or\u00e7amento destinado \u00e0 primeira inf\u00e2ncia, considerado essencial para ampliar servi\u00e7os e garantir atendimento adequado.<\/span><\/p>\n<p><span style=\"color: #000000;\">Ao defender a uni\u00e3o entre diferentes esferas de governo, independentemente de posi\u00e7\u00f5es partid\u00e1rias, o gestor ressaltou que o cuidado com as crian\u00e7as precisa ser compromisso nacional.<\/span><\/p>\n<p><span style=\"color: #000000;\">\u201cOs beb\u00eas e as crian\u00e7as s\u00e3o o nosso patrim\u00f4nio, \u00e9 aquilo que o Brasil tem para fazer a transi\u00e7\u00e3o do presente para o futuro.\u201d<\/span><\/p>\n<p><span style=\"font-size: 14pt; font-family: 'arial black', sans-serif; color: #ff6600;\"><strong>Pain\u00e9is tem\u00e1ticos<\/strong><\/span><\/p>\n<p><span style=\"color: #000000;\">Ainda durante a programa\u00e7\u00e3o, especialistas e representantes de diferentes institui\u00e7\u00f5es participaram de tr\u00eas pain\u00e9is voltados \u00e0 realidade brasileira e amazonense.<\/span><\/p>\n<p><span style=\"color: #000000;\">O primeiro debate tratou dos compromissos e a\u00e7\u00f5es do governo federal para implementar a Pol\u00edtica Nacional Integrada da Primeira Inf\u00e2ncia, com foco na articula\u00e7\u00e3o entre minist\u00e9rios e programas estrat\u00e9gicos.<\/span><\/p>\n<p><span style=\"color: #000000;\">O segundo painel reuniu representantes da Justi\u00e7a, \u00f3rg\u00e3os de controle e institui\u00e7\u00f5es de defesa de direitos para discutir mecanismos de prote\u00e7\u00e3o \u00e0 inf\u00e2ncia, fiscaliza\u00e7\u00e3o de pol\u00edticas p\u00fablicas e garantia de direitos fundamentais.<\/span><\/p>\n<p><span style=\"color: #000000;\">J\u00e1 o terceiro painel abordou o panorama da primeira inf\u00e2ncia no territ\u00f3rio, reunindo representantes estaduais e municipais para apresentar experi\u00eancias locais, desafios regionais e propostas para ampliar o atendimento \u00e0s crian\u00e7as e fam\u00edlias.<\/span><\/p>\n<p><span style=\"color: #000000;\">Texto: Adr\u00edssia Pinheiro<\/span><br \/>\n<span style=\"color: #000000;\">Foto: Filipe Jazz<\/span><br \/>\n<span style=\"color: #000000;\">DICOM TCE-AM<\/span><\/p>\n","protected":false},"excerpt":{"rendered":"<p>O Tribunal de Contas do Estado do Amazonas (TCE-AM) sediou, nesta segunda-feira (27), o Semin\u00e1rio Estadual \u201cPol\u00edticas P\u00fablicas para a Primeira Inf\u00e2ncia: Diagn\u00f3stico e A\u00e7\u00e3o\u201d, promovido pelo Minist\u00e9rio da Educa\u00e7\u00e3o (MEC), em parceria com a Associa\u00e7\u00e3o dos Membros dos Tribunais de Contas do Brasil (Atricon) e o Instituto Rui Barbosa (IRB). O encontro colocou em [&hellip;]<\/p>\n","protected":false},"author":93,"featured_media":84667,"comment_status":"closed","ping_status":"closed","sticky":false,"template":"","format":"standard","meta":{"footnotes":""},"categories":[4,13,5],"tags":[],"class_list":["post-84666","post","type-post","status-publish","format-standard","has-post-thumbnail","hentry","category-banner","category-destaque","category-noticias"],"_links":{"self":[{"href":"https:\/\/www.tceam.tc.br\/index.php?rest_route=\/wp\/v2\/posts\/84666","targetHints":{"allow":["GET"]}}],"collection":[{"href":"https:\/\/www.tceam.tc.br\/index.php?rest_route=\/wp\/v2\/posts"}],"about":[{"href":"https:\/\/www.tceam.tc.br\/index.php?rest_route=\/wp\/v2\/types\/post"}],"author":[{"embeddable":true,"href":"https:\/\/www.tceam.tc.br\/index.php?rest_route=\/wp\/v2\/users\/93"}],"replies":[{"embeddable":true,"href":"https:\/\/www.tceam.tc.br\/index.php?rest_route=%2Fwp%2Fv2%2Fcomments&post=84666"}],"version-history":[{"count":1,"href":"https:\/\/www.tceam.tc.br\/index.php?rest_route=\/wp\/v2\/posts\/84666\/revisions"}],"predecessor-version":[{"id":84668,"href":"https:\/\/www.tceam.tc.br\/index.php?rest_route=\/wp\/v2\/posts\/84666\/revisions\/84668"}],"wp:featuredmedia":[{"embeddable":true,"href":"https:\/\/www.tceam.tc.br\/index.php?rest_route=\/wp\/v2\/media\/84667"}],"wp:attachment":[{"href":"https:\/\/www.tceam.tc.br\/index.php?rest_route=%2Fwp%2Fv2%2Fmedia&parent=84666"}],"wp:term":[{"taxonomy":"category","embeddable":true,"href":"https:\/\/www.tceam.tc.br\/index.php?rest_route=%2Fwp%2Fv2%2Fcategories&post=84666"},{"taxonomy":"post_tag","embeddable":true,"href":"https:\/\/www.tceam.tc.br\/index.php?rest_route=%2Fwp%2Fv2%2Ftags&post=84666"}],"curies":[{"name":"wp","href":"https:\/\/api.w.org\/{rel}","templated":true}]}}