
{"id":83448,"date":"2026-03-12T12:46:32","date_gmt":"2026-03-12T16:46:32","guid":{"rendered":"https:\/\/www.tceam.tc.br\/?p=83448"},"modified":"2026-03-12T12:57:26","modified_gmt":"2026-03-12T16:57:26","slug":"faltando-menos-de-20-dias-para-o-fim-do-prazo-363-prestacoes-de-contas-ainda-nao-foram-enviadas-ao-tce-am","status":"publish","type":"post","link":"https:\/\/www.tceam.tc.br\/?p=83448","title":{"rendered":"Faltando menos de 20 dias para o fim do prazo, 363 presta\u00e7\u00f5es de contas ainda n\u00e3o foram enviadas ao TCE-AM"},"content":{"rendered":"<p>A dezenove dias do prazo final para entrega das Presta\u00e7\u00f5es de Contas Anuais (PCAs), o Tribunal de Contas do Amazonas (TCE-AM) recebeu apenas 37 envios referentes ao exerc\u00edcio de 2025. Ao todo, 400 presta\u00e7\u00f5es devem ser encaminhadas \u00e0 Corte de Contas at\u00e9 o dia 31 de mar\u00e7o, o que significa que 363 ainda n\u00e3o foram entregues.<\/p>\n<p>A conselheira-presidente do TCE-AM, Yara Amaz\u00f4nia Lins, ressaltou que o envio das presta\u00e7\u00f5es de contas \u00e9 um dos principais instrumentos de transpar\u00eancia na gest\u00e3o p\u00fablica.<\/p>\n<p>\u201cA presta\u00e7\u00e3o de contas n\u00e3o \u00e9 apenas uma obriga\u00e7\u00e3o legal, mas um compromisso com a sociedade. \u00c9 por meio dela que os gestores demonstram como os recursos p\u00fablicos foram utilizados e permitem que o Tribunal e a popula\u00e7\u00e3o acompanhem a aplica\u00e7\u00e3o desses recursos com transpar\u00eancia e responsabilidade\u201d, afirmou.<\/p>\n<p>Entre as unidades que j\u00e1 conclu\u00edram o procedimento est\u00e3o as c\u00e2maras municipais de Anori, Barcelos, Barreirinha, Benjamin Constant, Caapiranga, Carauari, Careiro, Careiro da V\u00e1rzea, Coari, Iranduba, Ipixuna, Japur\u00e1, L\u00e1brea, Manacapuru, Manicor\u00e9, Mara\u00e3, Parintins, Pauini, Santo Ant\u00f4nio do I\u00e7\u00e1, S\u00e3o Paulo de Oliven\u00e7a, Silves, Tef\u00e9, Tonantins, Itacoatiara, Urucar\u00e1 e Apu\u00ed.<\/p>\n<p>Tamb\u00e9m j\u00e1 enviaram as documenta\u00e7\u00f5es o Fundo de Aposentadoria e Pens\u00f5es do Munic\u00edpio de Canutama, o Instituto Municipal de Tr\u00e2nsito e Transporte de Iranduba (IMTTI), o Fundo Municipal de Sa\u00fade de Tef\u00e9, as prefeituras municipais de Parintins, Tef\u00e9 e Manicor\u00e9, o Servi\u00e7o Aut\u00f4nomo de \u00c1gua e Esgoto de Iranduba (SAAE), o Servi\u00e7o Aut\u00f4nomo de \u00c1gua e Esgoto de S\u00e3o Sebasti\u00e3o do Uatum\u00e3, al\u00e9m da Secretaria Municipal de Sa\u00fade de Manaus (Semsa) e da Secretaria Municipal de Educa\u00e7\u00e3o, Cultura e Esporte de Tef\u00e9.<\/p>\n<p><strong>Acompanhamento<\/strong><\/p>\n<p>Para ampliar a transpar\u00eancia e permitir o acompanhamento p\u00fablico do processo, o Tribunal disponibilizou um painel eletr\u00f4nico atualizado em tempo real, que mostra a situa\u00e7\u00e3o das presta\u00e7\u00f5es de contas por \u00f3rg\u00e3o, munic\u00edpio e esfera administrativa. A ferramenta pode ser acessada no endere\u00e7o <strong><a href=\"https:\/\/pca2026.tceam.tc.br\">https:\/\/pca2026.tceam.tc.br<\/a><\/strong>.<\/p>\n<p>No sistema, \u00e9 poss\u00edvel identificar quais unidades j\u00e1 enviaram a documenta\u00e7\u00e3o, quais iniciaram o processo de envio e quais ainda n\u00e3o come\u00e7aram a presta\u00e7\u00e3o de contas.<\/p>\n<p>O envio das PCAs \u00e9 realizado por meio do Domic\u00edlio Eletr\u00f4nico de Contas (DEC). Ao acessar o ambiente da presta\u00e7\u00e3o de contas, o sistema identifica automaticamente a institui\u00e7\u00e3o vinculada ao gestor e apresenta a lista de documentos exigidos.<\/p>\n<p>Ap\u00f3s finalizar a entrega, o sistema gera automaticamente um n\u00famero de protocolo, que possibilita o acompanhamento do processo at\u00e9 o julgamento final das contas.<\/p>\n<p><strong>Suporte<\/strong><\/p>\n<p>O secret\u00e1rio-geral de Controle Externo do TCE-AM, M\u00e1rio Roosevelt Elias da Rocha, destacou que a equipe t\u00e9cnica do Tribunal est\u00e1 dispon\u00edvel para orientar os jurisdicionados durante o processo de envio.<\/p>\n<p>\u201cA Secretaria de Controle Externo est\u00e1 \u00e0 disposi\u00e7\u00e3o dos gestores e das equipes t\u00e9cnicas dos \u00f3rg\u00e3os jurisdicionados para prestar orienta\u00e7\u00f5es e esclarecer d\u00favidas. Nosso objetivo \u00e9 garantir que todos consigam concluir o envio das presta\u00e7\u00f5es de contas dentro do prazo e com a documenta\u00e7\u00e3o correta\u201d, explicou.<\/p>\n<p>O TCE-AM refor\u00e7a que a presta\u00e7\u00e3o de contas \u00e9 uma obriga\u00e7\u00e3o constitucional dos gestores p\u00fablicos, fundamental para garantir transpar\u00eancia, legalidade e o uso adequado dos recursos p\u00fablicos.<\/p>\n<p>O n\u00e3o envio da documenta\u00e7\u00e3o dentro do prazo pode resultar em san\u00e7\u00f5es previstas na legisla\u00e7\u00e3o, como aplica\u00e7\u00e3o de multas e abertura de Tomada de Contas Especial, al\u00e9m de outras medidas cab\u00edveis no \u00e2mbito do controle externo.<\/p>\n<p>Texto: Pedro Sousa<br \/>\nFoto: Joel Arthus<br \/>\nDicom | TCE-AM<\/p>\n<p>&nbsp;<\/p>\n","protected":false},"excerpt":{"rendered":"<p>A dezenove dias do prazo final para entrega das Presta\u00e7\u00f5es de Contas Anuais (PCAs), o Tribunal de Contas do Amazonas (TCE-AM) recebeu apenas 37 envios referentes ao exerc\u00edcio de 2025. Ao todo, 400 presta\u00e7\u00f5es devem ser encaminhadas \u00e0 Corte de Contas at\u00e9 o dia 31 de mar\u00e7o, o que significa que 363 ainda n\u00e3o foram [&hellip;]<\/p>\n","protected":false},"author":88,"featured_media":83449,"comment_status":"closed","ping_status":"closed","sticky":false,"template":"","format":"standard","meta":{"footnotes":""},"categories":[4,13,5],"tags":[],"class_list":["post-83448","post","type-post","status-publish","format-standard","has-post-thumbnail","hentry","category-banner","category-destaque","category-noticias"],"_links":{"self":[{"href":"https:\/\/www.tceam.tc.br\/index.php?rest_route=\/wp\/v2\/posts\/83448","targetHints":{"allow":["GET"]}}],"collection":[{"href":"https:\/\/www.tceam.tc.br\/index.php?rest_route=\/wp\/v2\/posts"}],"about":[{"href":"https:\/\/www.tceam.tc.br\/index.php?rest_route=\/wp\/v2\/types\/post"}],"author":[{"embeddable":true,"href":"https:\/\/www.tceam.tc.br\/index.php?rest_route=\/wp\/v2\/users\/88"}],"replies":[{"embeddable":true,"href":"https:\/\/www.tceam.tc.br\/index.php?rest_route=%2Fwp%2Fv2%2Fcomments&post=83448"}],"version-history":[{"count":3,"href":"https:\/\/www.tceam.tc.br\/index.php?rest_route=\/wp\/v2\/posts\/83448\/revisions"}],"predecessor-version":[{"id":83453,"href":"https:\/\/www.tceam.tc.br\/index.php?rest_route=\/wp\/v2\/posts\/83448\/revisions\/83453"}],"wp:featuredmedia":[{"embeddable":true,"href":"https:\/\/www.tceam.tc.br\/index.php?rest_route=\/wp\/v2\/media\/83449"}],"wp:attachment":[{"href":"https:\/\/www.tceam.tc.br\/index.php?rest_route=%2Fwp%2Fv2%2Fmedia&parent=83448"}],"wp:term":[{"taxonomy":"category","embeddable":true,"href":"https:\/\/www.tceam.tc.br\/index.php?rest_route=%2Fwp%2Fv2%2Fcategories&post=83448"},{"taxonomy":"post_tag","embeddable":true,"href":"https:\/\/www.tceam.tc.br\/index.php?rest_route=%2Fwp%2Fv2%2Ftags&post=83448"}],"curies":[{"name":"wp","href":"https:\/\/api.w.org\/{rel}","templated":true}]}}