
{"id":83422,"date":"2026-03-11T08:55:35","date_gmt":"2026-03-11T12:55:35","guid":{"rendered":"https:\/\/www.tceam.tc.br\/?p=83422"},"modified":"2026-03-12T12:53:38","modified_gmt":"2026-03-12T16:53:38","slug":"tce-am-sediara-seminario-nacional-sobre-direito-administrativo-sancionador-no-dia-19-de-marco","status":"publish","type":"post","link":"https:\/\/www.tceam.tc.br\/?p=83422","title":{"rendered":"TCE-AM sediar\u00e1 semin\u00e1rio nacional sobre Direito Administrativo Sancionador no dia 19 de mar\u00e7o"},"content":{"rendered":"<p style=\"text-align: justify;\">Com palestras de conselheiros, membros do Minist\u00e9rio P\u00fablico e especialistas do Direito Administrativo, o Tribunal de Contas do Amazonas (TCE-AM) sediar\u00e1, no dia 19 de mar\u00e7o, o Semin\u00e1rio de Direito Administrativo Sancionador, Regula\u00e7\u00e3o e \u00d3rg\u00e3os de Controle (Dasroc\/AM), no audit\u00f3rio da Corte de Contas, em Manaus.<\/p>\n<p style=\"text-align: justify;\">A abertura do evento contar\u00e1 com a presen\u00e7a da conselheira-presidente do TCE-AM, Yara Amaz\u00f4nia Lins, que participar\u00e1 da mesa institucional ao lado de representantes do Instituto de Direito Administrativo Sancionador Brasileiro (IDASAN), entidade respons\u00e1vel pela organiza\u00e7\u00e3o do semin\u00e1rio.<\/p>\n<p style=\"text-align: justify;\">Promovido pelo IDASAN, o encontro reunir\u00e1 especialistas do sistema de controle, membros do Minist\u00e9rio P\u00fablico, acad\u00eamicos e profissionais do Direito para debater temas relacionados \u00e0 aplica\u00e7\u00e3o de san\u00e7\u00f5es administrativas e \u00e0 atua\u00e7\u00e3o dos \u00f3rg\u00e3os de controle na administra\u00e7\u00e3o p\u00fablica.<\/p>\n<p style=\"text-align: justify;\"><a href=\"https:\/\/www.sympla.com.br\/evento\/seminario-de-direito-administrativo-sancionador-regulacao-e-orgaos-de-controle-dasroc-am\/3318633?referrer=www.google.com&amp;referrer=www.google.com\">As inscri\u00e7\u00f5es podem ser feitas de forma gratuita clicando aqui<\/a>.<\/p>\n<h3 style=\"text-align: justify;\">Inscri\u00e7\u00f5es<\/h3>\n<p style=\"text-align: justify;\">A programa\u00e7\u00e3o ter\u00e1 in\u00edcio \u00e0s 9h e contar\u00e1 com quatro pain\u00e9is tem\u00e1ticos ao longo do dia.<\/p>\n<p style=\"text-align: justify;\">O primeiro painel, das 9h \u00e0s 10h30, discutir\u00e1 o tema \u201cDireito Administrativo Sancionador sob a \u00f3tica das corregedorias (PAD e PAR)\u201d, com palestras do conselheiro do TCE-AM Luis Fabian Barbosa e da procuradora de Justi\u00e7a do Minist\u00e9rio P\u00fablico do Amazonas, Jussara Maria Pordeus e Silva. A media\u00e7\u00e3o ser\u00e1 da professora da Universidade do Estado do Amazonas (UEA), Glaucia Maria de Ara\u00fajo Ribeiro.<\/p>\n<p style=\"text-align: justify;\">Na sequ\u00eancia ser\u00e1 realizado o painel \u201cDireito Administrativo Sancionador nas ag\u00eancias reguladoras\u201d, com participa\u00e7\u00e3o da procuradora do Estado do Rio de Janeiro e vice-presidente do IDASAN, Alice Voronoff. A media\u00e7\u00e3o ficar\u00e1 a cargo da advogada e professora Laiz Russo.<\/p>\n<p style=\"text-align: justify;\">A programa\u00e7\u00e3o segue \u00e0s 14h com o painel \u201cDireito Administrativo Sancionador nos Tribunais de Contas\u201d, que ter\u00e1 como palestrantes a procuradora de Contas Fernanda Cantanhede Veiga Mendon\u00e7a, do Minist\u00e9rio P\u00fablico de Contas junto ao TCE-AM, e o auditor de controle externo Ismar Vianna, diretor regional do IDASAN. A media\u00e7\u00e3o ser\u00e1 do professor da Universidade Federal do Amazonas, Daniel Cardoso Gehard.<\/p>\n<p style=\"text-align: justify;\">Encerrando o semin\u00e1rio, o quarto painel discutir\u00e1 \u201cDireito Administrativo Sancionador e o controle jurisdicional\u201d, com participa\u00e7\u00e3o do auditor e conselheiro substituto do TCE-AM Al\u00edpio Reis Firmo Filho e do presidente do IDASAN, Raphael de Matos Cardoso. A media\u00e7\u00e3o ser\u00e1 da advogada Regina Marques.<\/p>\n<p style=\"text-align: justify;\">O DASROC \u00e9 um semin\u00e1rio itinerante que j\u00e1 passou por cidades como Porto Alegre, S\u00e3o Paulo, Rio de Janeiro, Bras\u00edlia e Aracaju, promovendo debates sobre regula\u00e7\u00e3o, responsabiliza\u00e7\u00e3o administrativa e fortalecimento dos mecanismos de controle na gest\u00e3o p\u00fablica.<\/p>\n<p style=\"text-align: justify;\">Texto: Pedro Sousa<br \/>\nFoto: Joel Arthus<br \/>\nDICOM TCE-AM<\/p>\n","protected":false},"excerpt":{"rendered":"<p>Com palestras de conselheiros, membros do Minist\u00e9rio P\u00fablico e especialistas do Direito Administrativo, o Tribunal de Contas do Amazonas (TCE-AM) sediar\u00e1, no dia 19 de mar\u00e7o, o Semin\u00e1rio de Direito Administrativo Sancionador, Regula\u00e7\u00e3o e \u00d3rg\u00e3os de Controle (Dasroc\/AM), no audit\u00f3rio da Corte de Contas, em Manaus. A abertura do evento contar\u00e1 com a presen\u00e7a da [&hellip;]<\/p>\n","protected":false},"author":88,"featured_media":79541,"comment_status":"closed","ping_status":"closed","sticky":false,"template":"","format":"standard","meta":{"footnotes":""},"categories":[4,13,5],"tags":[],"class_list":["post-83422","post","type-post","status-publish","format-standard","has-post-thumbnail","hentry","category-banner","category-destaque","category-noticias"],"_links":{"self":[{"href":"https:\/\/www.tceam.tc.br\/index.php?rest_route=\/wp\/v2\/posts\/83422","targetHints":{"allow":["GET"]}}],"collection":[{"href":"https:\/\/www.tceam.tc.br\/index.php?rest_route=\/wp\/v2\/posts"}],"about":[{"href":"https:\/\/www.tceam.tc.br\/index.php?rest_route=\/wp\/v2\/types\/post"}],"author":[{"embeddable":true,"href":"https:\/\/www.tceam.tc.br\/index.php?rest_route=\/wp\/v2\/users\/88"}],"replies":[{"embeddable":true,"href":"https:\/\/www.tceam.tc.br\/index.php?rest_route=%2Fwp%2Fv2%2Fcomments&post=83422"}],"version-history":[{"count":2,"href":"https:\/\/www.tceam.tc.br\/index.php?rest_route=\/wp\/v2\/posts\/83422\/revisions"}],"predecessor-version":[{"id":83452,"href":"https:\/\/www.tceam.tc.br\/index.php?rest_route=\/wp\/v2\/posts\/83422\/revisions\/83452"}],"wp:featuredmedia":[{"embeddable":true,"href":"https:\/\/www.tceam.tc.br\/index.php?rest_route=\/wp\/v2\/media\/79541"}],"wp:attachment":[{"href":"https:\/\/www.tceam.tc.br\/index.php?rest_route=%2Fwp%2Fv2%2Fmedia&parent=83422"}],"wp:term":[{"taxonomy":"category","embeddable":true,"href":"https:\/\/www.tceam.tc.br\/index.php?rest_route=%2Fwp%2Fv2%2Fcategories&post=83422"},{"taxonomy":"post_tag","embeddable":true,"href":"https:\/\/www.tceam.tc.br\/index.php?rest_route=%2Fwp%2Fv2%2Ftags&post=83422"}],"curies":[{"name":"wp","href":"https:\/\/api.w.org\/{rel}","templated":true}]}}