
{"id":83416,"date":"2026-03-09T15:49:58","date_gmt":"2026-03-09T19:49:58","guid":{"rendered":"https:\/\/www.tceam.tc.br\/?p=83416"},"modified":"2026-03-09T15:49:58","modified_gmt":"2026-03-09T19:49:58","slug":"ecp-do-tce-am-abre-inscricoes-para-cursos-presenciais-em-areas-de-comunicacao-fotografia-e-tecnologia","status":"publish","type":"post","link":"https:\/\/www.tceam.tc.br\/?p=83416","title":{"rendered":"ECP do TCE-AM abre inscri\u00e7\u00f5es para cursos presenciais em \u00e1reas de comunica\u00e7\u00e3o, fotografia e tecnologia"},"content":{"rendered":"<p>A Escola de Contas P\u00fablicas do Tribunal de Contas do Estado do Amazonas (ECP\/TCE-AM) est\u00e1 com inscri\u00e7\u00f5es abertas para uma nova programa\u00e7\u00e3o de cursos presenciais neste m\u00eas de mar\u00e7o, voltados a servidores p\u00fablicos, jurisdicionados e integrantes da sociedade civil.<\/p>\n<p>Seguindo a orienta\u00e7\u00e3o pedag\u00f3gica da conselheira-presidente do TCE-AM, a agenda re\u00fane capacita\u00e7\u00f5es que buscam fortalecer compet\u00eancias profissionais e ampliar conhecimentos aplicados \u00e0 gest\u00e3o p\u00fablica. Nesta edi\u00e7\u00e3o ser\u00e3o ofertadas atividades nas \u00e1reas de tecnologia, comunica\u00e7\u00e3o e produ\u00e7\u00e3o de imagem.<\/p>\n<p>Um dos destaques da programa\u00e7\u00e3o \u00e9 o curso \u201cA Arte de Fotografar: Luz, Enquadramento e Composi\u00e7\u00e3o\u201d, que ser\u00e1 realizado nos dias 26 e 27 de mar\u00e7o, das 14h \u00e0s 17h. A forma\u00e7\u00e3o ser\u00e1 ministrada por Joel Arthus, fot\u00f3grafo do tribunal e profissional do audiovisual h\u00e1 mais de 20 anos. O curso apresentar\u00e1 t\u00e9cnicas fundamentais de fotografia, abordando conceitos e composi\u00e7\u00f5es para aprimorar registros visuais.<\/p>\n<p>Outro curso ofertado \u00e9 \u201cFerramentas de IA para Produtividade Administrativa\u201d, que ocorrer\u00e1 de 11 a 13 de mar\u00e7o, das 13h \u00e0s 17h. A capacita\u00e7\u00e3o ser\u00e1 conduzida pela auditora de controle externo Rosenilda Freitas da Silva, especialista em Gest\u00e3o P\u00fablica e Controle Externo, e abordar\u00e1 o uso de ferramentas de intelig\u00eancia artificial aplicadas \u00e0 rotina administrativa.<\/p>\n<p>A programa\u00e7\u00e3o inclui ainda o curso \u201cComunica\u00e7\u00e3o N\u00e3o Violenta na Gest\u00e3o P\u00fablica\u201d, ministrado pela psic\u00f3loga Fabiane Amaral de Albuquerque Silva. A atividade ser\u00e1 realizada de 16 a 18 de mar\u00e7o, das 13h \u00e0s 17h, com foco em estrat\u00e9gias de di\u00e1logo, media\u00e7\u00e3o de conflitos e fortalecimento das rela\u00e7\u00f5es institucionais no ambiente de trabalho.<\/p>\n<p>As inscri\u00e7\u00f5es podem ser realizadas por meio da plataforma da Escola de Contas P\u00fablicas, em <em><span style=\"color: #0000ff;\"><a style=\"color: #0000ff;\" href=\"https:\/\/ecpvirtual.tce.am.gov.br\/.\">https:\/\/ecpvirtual.tce.am.gov.br\/.<\/a><\/span><\/em><\/p>\n<p>Texto: Adr\u00edssia Pinheiro<br \/>\nFoto: Filipe Jazz<br \/>\nDICOM TCE-AM<\/p>\n","protected":false},"excerpt":{"rendered":"<p>A Escola de Contas P\u00fablicas do Tribunal de Contas do Estado do Amazonas (ECP\/TCE-AM) est\u00e1 com inscri\u00e7\u00f5es abertas para uma nova programa\u00e7\u00e3o de cursos presenciais neste m\u00eas de mar\u00e7o, voltados a servidores p\u00fablicos, jurisdicionados e integrantes da sociedade civil. Seguindo a orienta\u00e7\u00e3o pedag\u00f3gica da conselheira-presidente do TCE-AM, a agenda re\u00fane capacita\u00e7\u00f5es que buscam fortalecer compet\u00eancias [&hellip;]<\/p>\n","protected":false},"author":93,"featured_media":83417,"comment_status":"closed","ping_status":"closed","sticky":false,"template":"","format":"standard","meta":{"footnotes":""},"categories":[4,13,5],"tags":[],"class_list":["post-83416","post","type-post","status-publish","format-standard","has-post-thumbnail","hentry","category-banner","category-destaque","category-noticias"],"_links":{"self":[{"href":"https:\/\/www.tceam.tc.br\/index.php?rest_route=\/wp\/v2\/posts\/83416","targetHints":{"allow":["GET"]}}],"collection":[{"href":"https:\/\/www.tceam.tc.br\/index.php?rest_route=\/wp\/v2\/posts"}],"about":[{"href":"https:\/\/www.tceam.tc.br\/index.php?rest_route=\/wp\/v2\/types\/post"}],"author":[{"embeddable":true,"href":"https:\/\/www.tceam.tc.br\/index.php?rest_route=\/wp\/v2\/users\/93"}],"replies":[{"embeddable":true,"href":"https:\/\/www.tceam.tc.br\/index.php?rest_route=%2Fwp%2Fv2%2Fcomments&post=83416"}],"version-history":[{"count":1,"href":"https:\/\/www.tceam.tc.br\/index.php?rest_route=\/wp\/v2\/posts\/83416\/revisions"}],"predecessor-version":[{"id":83418,"href":"https:\/\/www.tceam.tc.br\/index.php?rest_route=\/wp\/v2\/posts\/83416\/revisions\/83418"}],"wp:featuredmedia":[{"embeddable":true,"href":"https:\/\/www.tceam.tc.br\/index.php?rest_route=\/wp\/v2\/media\/83417"}],"wp:attachment":[{"href":"https:\/\/www.tceam.tc.br\/index.php?rest_route=%2Fwp%2Fv2%2Fmedia&parent=83416"}],"wp:term":[{"taxonomy":"category","embeddable":true,"href":"https:\/\/www.tceam.tc.br\/index.php?rest_route=%2Fwp%2Fv2%2Fcategories&post=83416"},{"taxonomy":"post_tag","embeddable":true,"href":"https:\/\/www.tceam.tc.br\/index.php?rest_route=%2Fwp%2Fv2%2Ftags&post=83416"}],"curies":[{"name":"wp","href":"https:\/\/api.w.org\/{rel}","templated":true}]}}