
{"id":83395,"date":"2026-03-05T15:51:21","date_gmt":"2026-03-05T19:51:21","guid":{"rendered":"https:\/\/www.tceam.tc.br\/?p=83395"},"modified":"2026-03-05T15:51:21","modified_gmt":"2026-03-05T19:51:21","slug":"em-palestra-magna-no-tce-am-ministro-mauro-campbell-destaca-papel-das-escolas-de-contas-na-governanca-publica","status":"publish","type":"post","link":"https:\/\/www.tceam.tc.br\/?p=83395","title":{"rendered":"Em palestra magna no TCE-AM, ministro Mauro Campbell destaca papel das escolas de contas na governan\u00e7a p\u00fablica"},"content":{"rendered":"<p style=\"text-align: justify;\">Durante a abertura do ano letivo de 2026 da Escola de Contas P\u00fablicas do Tribunal de Contas do Amazonas (ECP\/TCE-AM), realizada na manh\u00e3 desta quinta-feira (5), o ministro do Superior Tribunal de Justi\u00e7a (STJ) e corregedor nacional de Justi\u00e7a, Mauro Campbell Marques, ministrou a palestra magna, abordando os desafios da governan\u00e7a p\u00fablica e o papel das institui\u00e7\u00f5es de controle no fortalecimento do Estado brasileiro.<\/p>\n<p style=\"text-align: justify;\">A confer\u00eancia integrou a programa\u00e7\u00e3o de in\u00edcio das atividades acad\u00eamicas da Escola de Contas neste ano, reunindo autoridades dos tr\u00eas Poderes, gestores p\u00fablicos, servidores e representantes de institui\u00e7\u00f5es do sistema de controle. A cerim\u00f4nia foi conduzida pela conselheira-presidente do TCE-AM, Yara Amaz\u00f4nia Lins, e pelo conselheiro-coordenador da ECP, J\u00falio Pinheiro, e contou tamb\u00e9m com a presen\u00e7a do governador do Amazonas, Wilson Lima, membros do Judici\u00e1rio, do Minist\u00e9rio P\u00fablico e do Legislativo.<\/p>\n<p style=\"text-align: justify;\">Em sua exposi\u00e7\u00e3o, o ministro destacou a import\u00e2ncia estrat\u00e9gica das escolas de contas para a forma\u00e7\u00e3o de gestores p\u00fablicos e para a dissemina\u00e7\u00e3o de boas pr\u00e1ticas administrativas.<\/p>\n<p style=\"text-align: justify;\">\u201cAs escolas de contas n\u00e3o s\u00e3o apenas centros de capacita\u00e7\u00e3o. S\u00e3o ambientes institucionais onde se formam valores republicanos, se disseminam boas pr\u00e1ticas administrativas e se consolida uma cultura de responsabilidade p\u00fablica\u201d, afirmou.<\/p>\n<p style=\"text-align: justify;\">Segundo Campbell, o investimento permanente na qualifica\u00e7\u00e3o de servidores e gestores \u00e9 fundamental para fortalecer as institui\u00e7\u00f5es e melhorar a qualidade da administra\u00e7\u00e3o p\u00fablica.<\/p>\n<p style=\"text-align: justify;\">\u201cAo investir na forma\u00e7\u00e3o permanente de gestores, auditores e servidores, institui\u00e7\u00f5es como esta contribuem diretamente para a qualidade da governan\u00e7a p\u00fablica e para a solidez das institui\u00e7\u00f5es democr\u00e1ticas\u201d, disse.<\/p>\n<p style=\"text-align: justify;\"><strong>Papel hist\u00f3rico dos TCE\u2019s<\/strong><\/p>\n<p style=\"text-align: justify;\">Durante a palestra, o ministro tamb\u00e9m ressaltou o papel hist\u00f3rico dos tribunais de contas no desenvolvimento de mecanismos de controle e na indu\u00e7\u00e3o de boas pr\u00e1ticas na gest\u00e3o p\u00fablica.<\/p>\n<p style=\"text-align: justify;\">\u201cOs tribunais de contas deixaram de ser apenas \u00f3rg\u00e3os de fiscaliza\u00e7\u00e3o cont\u00e1bil para se tornarem institui\u00e7\u00f5es indutoras de governan\u00e7a p\u00fablica\u201d, afirmou.<\/p>\n<p style=\"text-align: justify;\">Campbell tamb\u00e9m destacou a import\u00e2ncia do di\u00e1logo entre diferentes \u00f3rg\u00e3os de controle e institui\u00e7\u00f5es p\u00fablicas como forma de aprimorar o funcionamento do Estado.<\/p>\n<p style=\"text-align: justify;\">\u201cQuando diferentes \u00f3rg\u00e3os de controle compartilham diagn\u00f3sticos, trocam experi\u00eancias e convergem na promo\u00e7\u00e3o de padr\u00f5es mais elevados de transpar\u00eancia e responsabilidade administrativa, o resultado \u00e9 uma administra\u00e7\u00e3o p\u00fablica mais robusta, \u00edntegra e confi\u00e1vel aos olhos do contribuinte brasileiro\u201d, afirmou.<\/p>\n<p style=\"text-align: justify;\">Ao encerrar a palestra, o ministro ressaltou que iniciativas como a abertura do ano letivo da Escola de Contas simbolizam um compromisso permanente com o aperfei\u00e7oamento institucional.<\/p>\n<p style=\"text-align: justify;\">A programa\u00e7\u00e3o da abertura do ano letivo tamb\u00e9m incluiu a entrega dos certificados do Mestrado em Direito da Regula\u00e7\u00e3o a servidores concluintes do curso desenvolvido em parceria com a Funda\u00e7\u00e3o Getulio Vargas (FGV) e a Universidade Federal do Amazonas.<\/p>\n<p style=\"text-align: justify;\"><strong>Texto<\/strong>: Pedro Sousa<br \/>\n<strong>Fotos<\/strong>: Joel Arthus<br \/>\n<strong>DICOM TCE-AM<\/strong><\/p>\n","protected":false},"excerpt":{"rendered":"<p>Durante a abertura do ano letivo de 2026 da Escola de Contas P\u00fablicas do Tribunal de Contas do Amazonas (ECP\/TCE-AM), realizada na manh\u00e3 desta quinta-feira (5), o ministro do Superior Tribunal de Justi\u00e7a (STJ) e corregedor nacional de Justi\u00e7a, Mauro Campbell Marques, ministrou a palestra magna, abordando os desafios da governan\u00e7a p\u00fablica e o papel [&hellip;]<\/p>\n","protected":false},"author":82,"featured_media":83396,"comment_status":"closed","ping_status":"closed","sticky":false,"template":"","format":"standard","meta":{"footnotes":""},"categories":[4,13,5],"tags":[],"class_list":["post-83395","post","type-post","status-publish","format-standard","has-post-thumbnail","hentry","category-banner","category-destaque","category-noticias"],"_links":{"self":[{"href":"https:\/\/www.tceam.tc.br\/index.php?rest_route=\/wp\/v2\/posts\/83395","targetHints":{"allow":["GET"]}}],"collection":[{"href":"https:\/\/www.tceam.tc.br\/index.php?rest_route=\/wp\/v2\/posts"}],"about":[{"href":"https:\/\/www.tceam.tc.br\/index.php?rest_route=\/wp\/v2\/types\/post"}],"author":[{"embeddable":true,"href":"https:\/\/www.tceam.tc.br\/index.php?rest_route=\/wp\/v2\/users\/82"}],"replies":[{"embeddable":true,"href":"https:\/\/www.tceam.tc.br\/index.php?rest_route=%2Fwp%2Fv2%2Fcomments&post=83395"}],"version-history":[{"count":1,"href":"https:\/\/www.tceam.tc.br\/index.php?rest_route=\/wp\/v2\/posts\/83395\/revisions"}],"predecessor-version":[{"id":83397,"href":"https:\/\/www.tceam.tc.br\/index.php?rest_route=\/wp\/v2\/posts\/83395\/revisions\/83397"}],"wp:featuredmedia":[{"embeddable":true,"href":"https:\/\/www.tceam.tc.br\/index.php?rest_route=\/wp\/v2\/media\/83396"}],"wp:attachment":[{"href":"https:\/\/www.tceam.tc.br\/index.php?rest_route=%2Fwp%2Fv2%2Fmedia&parent=83395"}],"wp:term":[{"taxonomy":"category","embeddable":true,"href":"https:\/\/www.tceam.tc.br\/index.php?rest_route=%2Fwp%2Fv2%2Fcategories&post=83395"},{"taxonomy":"post_tag","embeddable":true,"href":"https:\/\/www.tceam.tc.br\/index.php?rest_route=%2Fwp%2Fv2%2Ftags&post=83395"}],"curies":[{"name":"wp","href":"https:\/\/api.w.org\/{rel}","templated":true}]}}