
{"id":83388,"date":"2026-03-05T13:59:47","date_gmt":"2026-03-05T17:59:47","guid":{"rendered":"https:\/\/www.tceam.tc.br\/?p=83388"},"modified":"2026-03-05T14:16:12","modified_gmt":"2026-03-05T18:16:12","slug":"boa-governanca-comeca-pelo-conhecimento-pontua-presidente-do-tce-am-na-abertura-do-ano-letivo-da-ecp","status":"publish","type":"post","link":"https:\/\/www.tceam.tc.br\/?p=83388","title":{"rendered":"\u201cBoa governan\u00e7a come\u00e7a pelo conhecimento\u201d, pontua presidente do TCE-AM na abertura do ano letivo da ECP"},"content":{"rendered":"<p style=\"text-align: justify;\">A conselheira-presidente do Tribunal de Contas do Amazonas (TCE-AM), Yara Amaz\u00f4nia Lins, destacou a import\u00e2ncia da forma\u00e7\u00e3o cont\u00ednua para a melhoria da gest\u00e3o p\u00fablica durante a abertura do ano letivo da Escola de Contas P\u00fablicas (ECP). A solenidade ocorreu na manh\u00e3 desta quinta-feira (5), na sede da Corte de Contas, em Manaus.<\/p>\n<p style=\"text-align: justify;\">Ao iniciar o pronunciamento, a presidente destacou que a responsabilidade das institui\u00e7\u00f5es p\u00fablicas exige compromisso permanente com transpar\u00eancia e resultados. \u201cQuanto maiores as responsabilidades confiadas \u00e0s institui\u00e7\u00f5es do Estado, maior deve ser o compromisso com a transpar\u00eancia, a integridade e a entrega de resultados aos cidad\u00e3os\u201d<\/p>\n<p style=\"text-align: justify;\">Segundo Yara Lins, a abertura do calend\u00e1rio acad\u00eamico da Escola de Contas vai al\u00e9m de um marco institucional. O momento reafirma o entendimento de que a boa governan\u00e7a p\u00fablica passa pela qualifica\u00e7\u00e3o constante de servidores e gestores.<\/p>\n<p style=\"text-align: justify;\">Durante o discurso, a presidente tamb\u00e9m destacou a relev\u00e2ncia da programa\u00e7\u00e3o do evento, afirmando receber com muita honra o corregedor do Conselho Nacional de Justi\u00e7a (CNJ) e ministro do Superior Tribunal de Justi\u00e7a (STJ), Mauro Campbell Marques, convidado para a palestra magna que integrou a abertura do ano letivo da ECP, coordenada pelo conselheiro J\u00falio Pinheiro, al\u00e9m da entrega de certificados do Mestrado em Direito da Regula\u00e7\u00e3o, fruto de parceria entre o TCE-AM, a Funda\u00e7\u00e3o Get\u00falio Vargas (FGV) e a Universidade Federal do Amazonas (UFAM).<\/p>\n<p style=\"text-align: justify;\">A conselheira ressaltou ainda que a atua\u00e7\u00e3o moderna dos tribunais de contas n\u00e3o se limita ao car\u00e1ter sancionador. Para ela, o controle externo tamb\u00e9m possui dimens\u00e3o orientadora, preventiva e pedag\u00f3gica, papel em que a Escola de Contas P\u00fablicas tem se consolidado.<\/p>\n<p style=\"text-align: justify;\">\u201c\u00c9 justamente nessa dimens\u00e3o que a nossa Escola de Contas P\u00fablicas se destaca.\u201d<\/p>\n<p style=\"text-align: justify;\">Ao encerrar, Yara Amaz\u00f4nia Lins afirmou que investir em conhecimento e inova\u00e7\u00e3o fortalece o controle externo e contribui para aprimorar a gest\u00e3o p\u00fablica no Amazonas.<\/p>\n<p style=\"text-align: justify;\">\u201cQue este novo ano letivo seja, mais uma vez, um espa\u00e7o de muito aprendizado, de reflex\u00e3o cr\u00edtica e de constru\u00e7\u00e3o de solu\u00e7\u00f5es que fortale\u00e7am a governan\u00e7a p\u00fablica.\u201d<\/p>\n<p><a href=\"https:\/\/www.tceam.tc.br\/wp-content\/uploads\/2026\/03\/ECP-abre-ano-letivo-2-scaled.jpeg\"><img fetchpriority=\"high\" decoding=\"async\" class=\"aligncenter wp-image-83390 size-full\" src=\"https:\/\/www.tceam.tc.br\/wp-content\/uploads\/2026\/03\/ECP-abre-ano-letivo-2-scaled.jpeg\" alt=\"\" width=\"1024\" height=\"683\" srcset=\"https:\/\/www.tceam.tc.br\/wp-content\/uploads\/2026\/03\/ECP-abre-ano-letivo-2-scaled.jpeg 1024w, https:\/\/www.tceam.tc.br\/wp-content\/uploads\/2026\/03\/ECP-abre-ano-letivo-2-300x200.jpeg 300w, https:\/\/www.tceam.tc.br\/wp-content\/uploads\/2026\/03\/ECP-abre-ano-letivo-2-768x512.jpeg 768w\" sizes=\"(max-width: 1024px) 100vw, 1024px\" \/><\/a> <a href=\"https:\/\/www.tceam.tc.br\/wp-content\/uploads\/2026\/03\/ECP-abre-ano-letivo-3-scaled.jpeg\"><img decoding=\"async\" class=\"aligncenter wp-image-83391 size-full lazyload\" data-src=\"https:\/\/www.tceam.tc.br\/wp-content\/uploads\/2026\/03\/ECP-abre-ano-letivo-3-scaled.jpeg\" alt=\"\" width=\"1024\" height=\"683\" data-srcset=\"https:\/\/www.tceam.tc.br\/wp-content\/uploads\/2026\/03\/ECP-abre-ano-letivo-3-scaled.jpeg 1024w, https:\/\/www.tceam.tc.br\/wp-content\/uploads\/2026\/03\/ECP-abre-ano-letivo-3-300x200.jpeg 300w, https:\/\/www.tceam.tc.br\/wp-content\/uploads\/2026\/03\/ECP-abre-ano-letivo-3-768x512.jpeg 768w\" data-sizes=\"(max-width: 1024px) 100vw, 1024px\" src=\"data:image\/gif;base64,R0lGODlhAQABAAAAACH5BAEKAAEALAAAAAABAAEAAAICTAEAOw==\" style=\"--smush-placeholder-width: 1024px; --smush-placeholder-aspect-ratio: 1024\/683;\" \/><\/a><\/p>\n<p><strong>Texto<\/strong>: Adr\u00edssia Pinheiro<br \/>\n<strong>Fotos<\/strong>: Joel Arthus<br \/>\n<strong>DICOM TCE-AM<\/strong><\/p>\n","protected":false},"excerpt":{"rendered":"<p>A conselheira-presidente do Tribunal de Contas do Amazonas (TCE-AM), Yara Amaz\u00f4nia Lins, destacou a import\u00e2ncia da forma\u00e7\u00e3o cont\u00ednua para a melhoria da gest\u00e3o p\u00fablica durante a abertura do ano letivo da Escola de Contas P\u00fablicas (ECP). A solenidade ocorreu na manh\u00e3 desta quinta-feira (5), na sede da Corte de Contas, em Manaus. Ao iniciar o [&hellip;]<\/p>\n","protected":false},"author":82,"featured_media":83393,"comment_status":"closed","ping_status":"closed","sticky":false,"template":"","format":"standard","meta":{"footnotes":""},"categories":[4,13,5],"tags":[],"class_list":["post-83388","post","type-post","status-publish","format-standard","has-post-thumbnail","hentry","category-banner","category-destaque","category-noticias"],"_links":{"self":[{"href":"https:\/\/www.tceam.tc.br\/index.php?rest_route=\/wp\/v2\/posts\/83388","targetHints":{"allow":["GET"]}}],"collection":[{"href":"https:\/\/www.tceam.tc.br\/index.php?rest_route=\/wp\/v2\/posts"}],"about":[{"href":"https:\/\/www.tceam.tc.br\/index.php?rest_route=\/wp\/v2\/types\/post"}],"author":[{"embeddable":true,"href":"https:\/\/www.tceam.tc.br\/index.php?rest_route=\/wp\/v2\/users\/82"}],"replies":[{"embeddable":true,"href":"https:\/\/www.tceam.tc.br\/index.php?rest_route=%2Fwp%2Fv2%2Fcomments&post=83388"}],"version-history":[{"count":2,"href":"https:\/\/www.tceam.tc.br\/index.php?rest_route=\/wp\/v2\/posts\/83388\/revisions"}],"predecessor-version":[{"id":83394,"href":"https:\/\/www.tceam.tc.br\/index.php?rest_route=\/wp\/v2\/posts\/83388\/revisions\/83394"}],"wp:featuredmedia":[{"embeddable":true,"href":"https:\/\/www.tceam.tc.br\/index.php?rest_route=\/wp\/v2\/media\/83393"}],"wp:attachment":[{"href":"https:\/\/www.tceam.tc.br\/index.php?rest_route=%2Fwp%2Fv2%2Fmedia&parent=83388"}],"wp:term":[{"taxonomy":"category","embeddable":true,"href":"https:\/\/www.tceam.tc.br\/index.php?rest_route=%2Fwp%2Fv2%2Fcategories&post=83388"},{"taxonomy":"post_tag","embeddable":true,"href":"https:\/\/www.tceam.tc.br\/index.php?rest_route=%2Fwp%2Fv2%2Ftags&post=83388"}],"curies":[{"name":"wp","href":"https:\/\/api.w.org\/{rel}","templated":true}]}}