
{"id":83385,"date":"2026-03-05T13:50:12","date_gmt":"2026-03-05T17:50:12","guid":{"rendered":"https:\/\/www.tceam.tc.br\/?p=83385"},"modified":"2026-03-05T13:50:12","modified_gmt":"2026-03-05T17:50:12","slug":"escola-de-contas-do-tce-am-inicia-ano-letivo-de-2026-com-nova-fase-e-projeto-de-escola-superior","status":"publish","type":"post","link":"https:\/\/www.tceam.tc.br\/?p=83385","title":{"rendered":"Escola de Contas do TCE-AM inicia ano letivo de 2026 com nova fase e projeto de Escola Superior"},"content":{"rendered":"<p style=\"text-align: justify;\">Em solenidade conduzida pela conselheira-presidente Yara Amaz\u00f4nia Lins, o Tribunal de Contas do Amazonas (TCE-AM) realizou na manh\u00e3 desta quinta-feira (5) a abertura do ano letivo de 2026 da Escola de Contas P\u00fablicas (ECP). O evento, que alcan\u00e7ou lota\u00e7\u00e3o m\u00e1xima, contou com a presen\u00e7a de autoridades dos tr\u00eas Poderes, al\u00e9m de representantes de institui\u00e7\u00f5es do sistema de controle e da administra\u00e7\u00e3o p\u00fablica, e marcou o an\u00fancio de uma nova fase de expans\u00e3o e inova\u00e7\u00e3o da escola.<\/p>\n<p style=\"text-align: justify;\">Durante a cerim\u00f4nia, a conselheira-presidente do TCE-AM, Yara Amaz\u00f4nia Lins, destacou o papel da forma\u00e7\u00e3o cont\u00ednua no fortalecimento das institui\u00e7\u00f5es e na melhoria da governan\u00e7a p\u00fablica.<\/p>\n<p style=\"text-align: justify;\">\u201cA boa governan\u00e7a come\u00e7a pelo conhecimento, pela forma\u00e7\u00e3o e pela capacita\u00e7\u00e3o cont\u00ednua dos servidores, assim como pela moderniza\u00e7\u00e3o das pr\u00e1ticas administrativas\u201d, afirmou ao declarar oficialmente aberto o novo ciclo de atividades da Escola de Contas.<\/p>\n<p style=\"text-align: justify;\"><strong>Ensino Superior como meta<\/strong><\/p>\n<p style=\"text-align: justify;\">Coordenador-geral da Escola de Contas, o conselheiro J\u00falio Pinheiro destacou que o planejamento para 2026 marca uma nova etapa de expans\u00e3o institucional da escola, tendo como principal objetivo a transforma\u00e7\u00e3o da institui\u00e7\u00e3o em uma Escola Superior de Contas, ampliando o alcance acad\u00eamico e institucional do tribunal.<\/p>\n<p style=\"text-align: justify;\">\u201cNossa meta maior ser\u00e1 transformar a Escola de Contas P\u00fablicas em Escola Superior. O Tribunal de Contas ganhar\u00e1 sobremaneira com todas as a\u00e7\u00f5es que desenvolveremos ao longo deste ano\u201d, afirmou.<\/p>\n<p style=\"text-align: justify;\">Al\u00e9m desse projeto, o planejamento da escola para 2026 prev\u00ea a amplia\u00e7\u00e3o da oferta de cursos de p\u00f3s-gradua\u00e7\u00e3o, o fortalecimento da educa\u00e7\u00e3o \u00e0 dist\u00e2ncia, a cria\u00e7\u00e3o de ferramentas tecnol\u00f3gicas voltadas \u00e0 capacita\u00e7\u00e3o de servidores, incluindo assistentes virtuais baseados em intelig\u00eancia artificial, a implementa\u00e7\u00e3o de um sistema de gest\u00e3o acad\u00eamica e a amplia\u00e7\u00e3o da atua\u00e7\u00e3o internacional da institui\u00e7\u00e3o.<\/p>\n<p style=\"text-align: justify;\">Ao lembrar a trajet\u00f3ria da Escola de Contas desde sua cria\u00e7\u00e3o, o conselheiro ressaltou o papel da institui\u00e7\u00e3o na aproxima\u00e7\u00e3o entre o Tribunal de Contas e os gestores p\u00fablicos do estado. \u201cDepois de mais de 15 anos da implanta\u00e7\u00e3o da Escola de Contas P\u00fablicas, celebramos hoje n\u00e3o apenas o in\u00edcio de um novo ano letivo, mas a consolida\u00e7\u00e3o de um projeto que nasceu para aproximar o tribunal dos jurisdicionados e transmitir conhecimento\u201d, afirmou.<\/p>\n<p style=\"text-align: justify;\">Para J\u00falio Pinheiro, a educa\u00e7\u00e3o institucional seguir\u00e1 sendo um dos pilares para o avan\u00e7o da administra\u00e7\u00e3o p\u00fablica no Amazonas. \u201cDos monumentos em que as na\u00e7\u00f5es se erguem, a escola \u00e9 o pedestal. S\u00f3 atrav\u00e9s do conhecimento \u00e9 que se consegue subir as montanhas mais \u00edngremes\u201d, declarou.<\/p>\n<p style=\"text-align: justify;\">Tamb\u00e9m participaram da solenidade o vice-presidente do TCE, Josu\u00e9 Cl\u00e1udio de Sousa Neto e o conselheiro-corregedor Fabian Barbosa.<\/p>\n<p style=\"text-align: justify;\"><strong>Qualifica\u00e7\u00e3o da gest\u00e3o p\u00fablica<\/strong><\/p>\n<p style=\"text-align: justify;\">O governador do Amazonas, Wilson Lima, tamb\u00e9m participou da cerim\u00f4nia e ressaltou a import\u00e2ncia do papel pedag\u00f3gico exercido pelo Tribunal de Contas na orienta\u00e7\u00e3o da gest\u00e3o p\u00fablica.<\/p>\n<p style=\"text-align: justify;\">\u201c\u00c9 cada vez mais necess\u00e1rio avan\u00e7ar na transpar\u00eancia e no fortalecimento das institui\u00e7\u00f5es. \u00c9 importante ver o Tribunal de Contas indo al\u00e9m da fiscaliza\u00e7\u00e3o e atuando tamb\u00e9m no processo pedag\u00f3gico, orientando gestores e contribuindo para solu\u00e7\u00f5es para os problemas da vida real\u201d, disse.<\/p>\n<p style=\"text-align: justify;\">Segundo o governador, a coopera\u00e7\u00e3o entre institui\u00e7\u00f5es \u00e9 fundamental para enfrentar desafios da administra\u00e7\u00e3o p\u00fablica, especialmente em regi\u00f5es com caracter\u00edsticas espec\u00edficas como a Amaz\u00f4nia. \u201cS\u00f3 conseguimos avan\u00e7ar quando as institui\u00e7\u00f5es trabalham de forma cooperada, respeitando seus limites constitucionais e buscando solu\u00e7\u00f5es para melhorar a vida do cidad\u00e3o\u201d, afirmou.<\/p>\n<p style=\"text-align: justify;\"><strong>Programa\u00e7\u00e3o<\/strong><\/p>\n<p style=\"text-align: justify;\">O evento contou com palestra magna do ministro do Superior Tribunal de Justi\u00e7a (STJ) e corregedor nacional de Justi\u00e7a, Mauro Campbell Marques, que abordou o tema da governan\u00e7a p\u00fablica e os desafios institucionais para o fortalecimento das institui\u00e7\u00f5es no pa\u00eds.<\/p>\n<p style=\"text-align: justify;\">A programa\u00e7\u00e3o tamb\u00e9m incluiu a inaugura\u00e7\u00e3o da galeria de coordenadores da Escola de Contas, espa\u00e7o que homenageia as gest\u00f5es respons\u00e1veis pela consolida\u00e7\u00e3o da institui\u00e7\u00e3o ao longo de seus 15 anos de atua\u00e7\u00e3o.<\/p>\n<p style=\"text-align: justify;\">A solenidade foi conclu\u00edda com uma cerim\u00f4nia de entrega dos certificados do Mestrado em Direito da Regula\u00e7\u00e3o, realizado em parceria com a Funda\u00e7\u00e3o Getulio Vargas (FGV) e a Universidade Federal do Amazonas (UFAM).<\/p>\n<p style=\"text-align: justify;\"><strong>Texto<\/strong>: Pedro Sousa<br \/>\n<strong>Foto<\/strong>: Joel Arthus<br \/>\n<strong>DICOM TCE-AM<\/strong><\/p>\n","protected":false},"excerpt":{"rendered":"<p>Em solenidade conduzida pela conselheira-presidente Yara Amaz\u00f4nia Lins, o Tribunal de Contas do Amazonas (TCE-AM) realizou na manh\u00e3 desta quinta-feira (5) a abertura do ano letivo de 2026 da Escola de Contas P\u00fablicas (ECP). O evento, que alcan\u00e7ou lota\u00e7\u00e3o m\u00e1xima, contou com a presen\u00e7a de autoridades dos tr\u00eas Poderes, al\u00e9m de representantes de institui\u00e7\u00f5es do [&hellip;]<\/p>\n","protected":false},"author":82,"featured_media":83386,"comment_status":"closed","ping_status":"closed","sticky":false,"template":"","format":"standard","meta":{"footnotes":""},"categories":[4,13,5],"tags":[],"class_list":["post-83385","post","type-post","status-publish","format-standard","has-post-thumbnail","hentry","category-banner","category-destaque","category-noticias"],"_links":{"self":[{"href":"https:\/\/www.tceam.tc.br\/index.php?rest_route=\/wp\/v2\/posts\/83385","targetHints":{"allow":["GET"]}}],"collection":[{"href":"https:\/\/www.tceam.tc.br\/index.php?rest_route=\/wp\/v2\/posts"}],"about":[{"href":"https:\/\/www.tceam.tc.br\/index.php?rest_route=\/wp\/v2\/types\/post"}],"author":[{"embeddable":true,"href":"https:\/\/www.tceam.tc.br\/index.php?rest_route=\/wp\/v2\/users\/82"}],"replies":[{"embeddable":true,"href":"https:\/\/www.tceam.tc.br\/index.php?rest_route=%2Fwp%2Fv2%2Fcomments&post=83385"}],"version-history":[{"count":1,"href":"https:\/\/www.tceam.tc.br\/index.php?rest_route=\/wp\/v2\/posts\/83385\/revisions"}],"predecessor-version":[{"id":83387,"href":"https:\/\/www.tceam.tc.br\/index.php?rest_route=\/wp\/v2\/posts\/83385\/revisions\/83387"}],"wp:featuredmedia":[{"embeddable":true,"href":"https:\/\/www.tceam.tc.br\/index.php?rest_route=\/wp\/v2\/media\/83386"}],"wp:attachment":[{"href":"https:\/\/www.tceam.tc.br\/index.php?rest_route=%2Fwp%2Fv2%2Fmedia&parent=83385"}],"wp:term":[{"taxonomy":"category","embeddable":true,"href":"https:\/\/www.tceam.tc.br\/index.php?rest_route=%2Fwp%2Fv2%2Fcategories&post=83385"},{"taxonomy":"post_tag","embeddable":true,"href":"https:\/\/www.tceam.tc.br\/index.php?rest_route=%2Fwp%2Fv2%2Ftags&post=83385"}],"curies":[{"name":"wp","href":"https:\/\/api.w.org\/{rel}","templated":true}]}}