
{"id":83366,"date":"2026-03-04T17:24:38","date_gmt":"2026-03-04T21:24:38","guid":{"rendered":"https:\/\/www.tceam.tc.br\/?p=83366"},"modified":"2026-03-04T18:26:22","modified_gmt":"2026-03-04T22:26:22","slug":"medida-cautelar-do-tce-am-suspende-contrato-de-13-bilhao-da-seduc","status":"publish","type":"post","link":"https:\/\/www.tceam.tc.br\/?p=83366","title":{"rendered":"Medida cautelar do TCE-AM suspende contrato de R$1,3 bilh\u00e3o da Seduc"},"content":{"rendered":"<p>Em medida cautelar publicada nesta quarta-feira (4), o Tribunal de Contas do Amazonas (TCE-AM) suspendeu um contrato da Secretaria de Estado de Educa\u00e7\u00e3o e Desporto Escolar (Seduc), avaliado em R$ 1,3 bilh\u00e3o, ap\u00f3s a identifica\u00e7\u00e3o de ind\u00edcios de irregularidades no processo de inexigibilidade de licita\u00e7\u00e3o pelo qual foi firmado.<\/p>\n<p>A contrata\u00e7\u00e3o realizada pela Seduc tinha como objeto a presta\u00e7\u00e3o de servi\u00e7o de sistema integrado de ensino para os n\u00edveis fundamental e m\u00e9dio da rede estadual, por meio da Funda\u00e7\u00e3o de Desenvolvimento e Inova\u00e7\u00e3o Agro Socioambiental do Esp\u00edrito Santo.<\/p>\n<h4><strong>Sobre a decis\u00e3o<\/strong><\/h4>\n<p>Na decis\u00e3o, foi apontado que n\u00e3o foram adotados os procedimentos necess\u00e1rios para assegurar que a contrata\u00e7\u00e3o fosse, de fato, vantajosa \u00e0 administra\u00e7\u00e3o p\u00fablica, j\u00e1 que n\u00e3o h\u00e1 comprova\u00e7\u00e3o de que o pre\u00e7o ofertado seja compat\u00edvel com o praticado no mercado.<\/p>\n<p>Ainda na medida cautelar, foi indicado que o valor de R$ 1,3 bilh\u00e3o destinado \u00e0 contrata\u00e7\u00e3o representa uma quantia significativa de recursos p\u00fablicos, motivo pelo qual os ind\u00edcios de irregularidades poderiam causar \u201cdano irrevers\u00edvel ao er\u00e1rio estadual\u201d.<\/p>\n<p>A decis\u00e3o monocr\u00e1tica determina a suspens\u00e3o imediata do contrato, bem como a proibi\u00e7\u00e3o de qualquer pagamento decorrente da execu\u00e7\u00e3o do servi\u00e7o. Foi concedido o prazo de 15 dias para que a vice-presidente do Centro de Servi\u00e7os Compartilhados, Andrea Lasmar, e a secret\u00e1ria da Seduc, Arlete Mendon\u00e7a, apresentem manifesta\u00e7\u00e3o sobre os pontos suscitados na decis\u00e3o.<\/p>\n<p>O documento pode ser acessado, na \u00edntegra, em doe.tce.am.gov.br na edi\u00e7\u00e3o desta quarta-feira (4).<\/p>\n","protected":false},"excerpt":{"rendered":"<p>Em medida cautelar publicada nesta quarta-feira (4), o Tribunal de Contas do Amazonas (TCE-AM) suspendeu um contrato da Secretaria de Estado de Educa\u00e7\u00e3o e Desporto Escolar (Seduc), avaliado em R$ 1,3 bilh\u00e3o, ap\u00f3s a identifica\u00e7\u00e3o de ind\u00edcios de irregularidades no processo de inexigibilidade de licita\u00e7\u00e3o pelo qual foi firmado. A contrata\u00e7\u00e3o realizada pela Seduc tinha [&hellip;]<\/p>\n","protected":false},"author":49,"featured_media":83085,"comment_status":"closed","ping_status":"closed","sticky":false,"template":"","format":"standard","meta":{"footnotes":""},"categories":[13,5],"tags":[],"class_list":["post-83366","post","type-post","status-publish","format-standard","has-post-thumbnail","hentry","category-destaque","category-noticias"],"_links":{"self":[{"href":"https:\/\/www.tceam.tc.br\/index.php?rest_route=\/wp\/v2\/posts\/83366","targetHints":{"allow":["GET"]}}],"collection":[{"href":"https:\/\/www.tceam.tc.br\/index.php?rest_route=\/wp\/v2\/posts"}],"about":[{"href":"https:\/\/www.tceam.tc.br\/index.php?rest_route=\/wp\/v2\/types\/post"}],"author":[{"embeddable":true,"href":"https:\/\/www.tceam.tc.br\/index.php?rest_route=\/wp\/v2\/users\/49"}],"replies":[{"embeddable":true,"href":"https:\/\/www.tceam.tc.br\/index.php?rest_route=%2Fwp%2Fv2%2Fcomments&post=83366"}],"version-history":[{"count":5,"href":"https:\/\/www.tceam.tc.br\/index.php?rest_route=\/wp\/v2\/posts\/83366\/revisions"}],"predecessor-version":[{"id":83373,"href":"https:\/\/www.tceam.tc.br\/index.php?rest_route=\/wp\/v2\/posts\/83366\/revisions\/83373"}],"wp:featuredmedia":[{"embeddable":true,"href":"https:\/\/www.tceam.tc.br\/index.php?rest_route=\/wp\/v2\/media\/83085"}],"wp:attachment":[{"href":"https:\/\/www.tceam.tc.br\/index.php?rest_route=%2Fwp%2Fv2%2Fmedia&parent=83366"}],"wp:term":[{"taxonomy":"category","embeddable":true,"href":"https:\/\/www.tceam.tc.br\/index.php?rest_route=%2Fwp%2Fv2%2Fcategories&post=83366"},{"taxonomy":"post_tag","embeddable":true,"href":"https:\/\/www.tceam.tc.br\/index.php?rest_route=%2Fwp%2Fv2%2Ftags&post=83366"}],"curies":[{"name":"wp","href":"https:\/\/api.w.org\/{rel}","templated":true}]}}