{"id":75571,"date":"2024-09-30T11:11:50","date_gmt":"2024-09-30T15:11:50","guid":{"rendered":"https:\/\/www.tceam.tc.br\/?p=75571"},"modified":"2024-09-30T11:11:50","modified_gmt":"2024-09-30T15:11:50","slug":"tce-am-esta-com-inscricoes-abertas-para-seminario-sobre-residuos-solidos-e-saneamento-basico","status":"publish","type":"post","link":"https:\/\/www.tceam.tc.br\/?p=75571","title":{"rendered":"TCE-AM est\u00e1 com inscri\u00e7\u00f5es abertas para Semin\u00e1rio sobre Res\u00edduos S\u00f3lidos e Saneamento B\u00e1sico"},"content":{"rendered":"<p style=\"text-align: justify;\">Com o intuito de aprofundar as discuss\u00f5es sobre destina\u00e7\u00e3o de res\u00edduos e compartilhar experi\u00eancias para implementa\u00e7\u00e3o de pol\u00edticas sustent\u00e1veis, o Tribunal de Contas do Amazonas (TCE-AM), por meio do Minist\u00e9rio P\u00fablico de Contas do Amazonas (MPC-AM) e da Escola de Contas P\u00fablicas (ECP), sediar\u00e1, no dia 18 de outubro, o XIV Semin\u00e1rio: &#8220;O Minist\u00e9rio P\u00fablico, a Gest\u00e3o de Res\u00edduos S\u00f3lidos, a Log\u00edstica Reversa e o Saneamento B\u00e1sico&#8221; &#8211; edi\u00e7\u00e3o Manaus.<\/p>\n<p style=\"text-align: justify;\">Conforme a presidente do TCE-AM, conselheira Yara Amaz\u00f4nia Lins, a realiza\u00e7\u00e3o do Semin\u00e1rio refor\u00e7a o papel e comprometimento da Corte de Contas amazonense com a pauta ambiental e prote\u00e7\u00e3o dos recursos naturais.<\/p>\n<p style=\"text-align: justify;\">O evento ter\u00e1 a participa\u00e7\u00e3o de representantes de diversos \u00f3rg\u00e3os e institui\u00e7\u00f5es relacionados ao meio ambiente, bem como contar\u00e1 com a presen\u00e7a do coordenador-geral da ECP, conselheiro J\u00falio Pinheiro, e do procurador de contas, Ruy Marcelo de Mendon\u00e7a.<\/p>\n<p style=\"text-align: justify;\">Realizado pela Associa\u00e7\u00e3o Brasileira dos Membros do Minist\u00e9rio P\u00fablico de Meio Ambiente (ABRAMPA), o Semin\u00e1rio, voltado para associados da ABRAMPA, membros do Minist\u00e9rio P\u00fablico, servidores de \u00f3rg\u00e3os ambientais, gestores municipais, representantes de cooperativas de recicl\u00e1veis e sociedade civil, est\u00e1 com inscri\u00e7\u00f5es abertas no site da Escola em <a href=\"http:\/\/ecpvirtual.tce.am.gov.br\">ecpvirtual.tce.am.gov.br<\/a>.<\/p>\n<p style=\"text-align: justify;\">Ao todo ser\u00e3o uma palestra e quatro pain\u00e9is de debates com diferentes tem\u00e1ticas relacionadas \u00e0 gest\u00e3o de res\u00edduos e sustentabilidade na regi\u00e3o, sendo eles: \u201cTCE-AM e a destina\u00e7\u00e3o final de res\u00edduos\u201d; \u201cDesafios para uma Perspectiva Sustent\u00e1vel da Pol\u00edtica Nacional de Res\u00edduos S\u00f3lidos\u201d; \u201cExperi\u00eancias de Log\u00edstica Reversa e Destina\u00e7\u00e3o Final de Res\u00edduos\u201d; \u201cNovo Marco do Saneamento: Desafios para Implementa\u00e7\u00e3o do manejo de res\u00edduos urbanos e as cooperativas de catadores na gest\u00e3o de res\u00edduos s\u00f3lidos urbanos\u201d e \u201cLog\u00edstica reversa de embalagens em geral\u201d.<\/p>\n<p style=\"text-align: justify;\">O evento \u00e9 patrocinado pelo Instituto PRAGMA, IBER e inPEV.<\/p>\n<p><strong>Foto: Joel Arthus<\/strong><\/p>\n","protected":false},"excerpt":{"rendered":"<p>Com o intuito de aprofundar as discuss\u00f5es sobre destina\u00e7\u00e3o de res\u00edduos e compartilhar experi\u00eancias para implementa\u00e7\u00e3o de pol\u00edticas sustent\u00e1veis, o Tribunal de Contas do Amazonas (TCE-AM), por meio do Minist\u00e9rio P\u00fablico de Contas do Amazonas (MPC-AM) e da Escola de Contas P\u00fablicas (ECP), sediar\u00e1, no dia 18 de outubro, o XIV Semin\u00e1rio: &#8220;O Minist\u00e9rio P\u00fablico, [&hellip;]<\/p>\n","protected":false},"author":49,"featured_media":75572,"comment_status":"closed","ping_status":"closed","sticky":false,"template":"","format":"standard","meta":{"footnotes":""},"categories":[4,13,5],"tags":[],"class_list":["post-75571","post","type-post","status-publish","format-standard","has-post-thumbnail","hentry","category-banner","category-destaque","category-noticias"],"_links":{"self":[{"href":"https:\/\/www.tceam.tc.br\/index.php?rest_route=\/wp\/v2\/posts\/75571","targetHints":{"allow":["GET"]}}],"collection":[{"href":"https:\/\/www.tceam.tc.br\/index.php?rest_route=\/wp\/v2\/posts"}],"about":[{"href":"https:\/\/www.tceam.tc.br\/index.php?rest_route=\/wp\/v2\/types\/post"}],"author":[{"embeddable":true,"href":"https:\/\/www.tceam.tc.br\/index.php?rest_route=\/wp\/v2\/users\/49"}],"replies":[{"embeddable":true,"href":"https:\/\/www.tceam.tc.br\/index.php?rest_route=%2Fwp%2Fv2%2Fcomments&post=75571"}],"version-history":[{"count":3,"href":"https:\/\/www.tceam.tc.br\/index.php?rest_route=\/wp\/v2\/posts\/75571\/revisions"}],"predecessor-version":[{"id":75575,"href":"https:\/\/www.tceam.tc.br\/index.php?rest_route=\/wp\/v2\/posts\/75571\/revisions\/75575"}],"wp:featuredmedia":[{"embeddable":true,"href":"https:\/\/www.tceam.tc.br\/index.php?rest_route=\/wp\/v2\/media\/75572"}],"wp:attachment":[{"href":"https:\/\/www.tceam.tc.br\/index.php?rest_route=%2Fwp%2Fv2%2Fmedia&parent=75571"}],"wp:term":[{"taxonomy":"category","embeddable":true,"href":"https:\/\/www.tceam.tc.br\/index.php?rest_route=%2Fwp%2Fv2%2Fcategories&post=75571"},{"taxonomy":"post_tag","embeddable":true,"href":"https:\/\/www.tceam.tc.br\/index.php?rest_route=%2Fwp%2Fv2%2Ftags&post=75571"}],"curies":[{"name":"wp","href":"https:\/\/api.w.org\/{rel}","templated":true}]}}