
{"id":71669,"date":"2024-05-02T16:32:25","date_gmt":"2024-05-02T20:32:25","guid":{"rendered":"https:\/\/www.tceam.tc.br\/?p=71669"},"modified":"2024-05-02T18:03:31","modified_gmt":"2024-05-02T22:03:31","slug":"tce-am-promove-corregedoria-day-com-acoes-de-conscientizacao-sobre-etica-e-assedio","status":"publish","type":"post","link":"https:\/\/www.tceam.tc.br\/?p=71669","title":{"rendered":"TCE-AM abre programa\u00e7\u00e3o do &#8220;Corregedoria Day&#8221; no dia nacional da \u00e9tica"},"content":{"rendered":"<p>A Corregedoria do Tribunal de Contas do Estado do Amazonas (TCE-AM) deu in\u00edcio, na manh\u00e3 desta quinta-feira (02), as a\u00e7\u00f5es do \u201cCorregedoria Day\u201d, programa\u00e7\u00e3o que celebra o Dia Nacional da \u00c9tica e ser\u00e1 realizada durante todo o m\u00eas de maio, para conscientizar servidores p\u00fablicos sobre o comportamento \u00e9tico e moral no trabalho.<\/p>\n<p><a href=\"https:\/\/www.tceam.tc.br\/wp-content\/uploads\/2024\/05\/34d28c22-a6a6-44fa-813d-129c5336e98f-scaled.jpg\"><img fetchpriority=\"high\" decoding=\"async\" class=\"aligncenter size-full wp-image-71679\" src=\"https:\/\/www.tceam.tc.br\/wp-content\/uploads\/2024\/05\/34d28c22-a6a6-44fa-813d-129c5336e98f-scaled.jpg\" alt=\"\" width=\"1024\" height=\"683\" srcset=\"https:\/\/www.tceam.tc.br\/wp-content\/uploads\/2024\/05\/34d28c22-a6a6-44fa-813d-129c5336e98f-scaled.jpg 1024w, https:\/\/www.tceam.tc.br\/wp-content\/uploads\/2024\/05\/34d28c22-a6a6-44fa-813d-129c5336e98f-300x200.jpg 300w, https:\/\/www.tceam.tc.br\/wp-content\/uploads\/2024\/05\/34d28c22-a6a6-44fa-813d-129c5336e98f-768x512.jpg 768w, https:\/\/www.tceam.tc.br\/wp-content\/uploads\/2024\/05\/34d28c22-a6a6-44fa-813d-129c5336e98f-1536x1024.jpg 1536w, https:\/\/www.tceam.tc.br\/wp-content\/uploads\/2024\/05\/34d28c22-a6a6-44fa-813d-129c5336e98f-2048x1365.jpg 2048w\" sizes=\"(max-width: 1024px) 100vw, 1024px\" \/><\/a><\/p>\n<p>Conforme o corregedor do TCE-AM, conselheiro Josu\u00e9 Cl\u00e1udio Neto, \u201co \u2018Corregedoria Day\u2019 \u00e9 uma a\u00e7\u00e3o nacional, idealizada pelo Instituto Rui Barbosa com campanhas a serem realizadas por todos os Tribunais de Contas do pa\u00eds, por interm\u00e9dio das Corregedorias\u201d.<\/p>\n<p>\u201c\u00c9 uma campanha que est\u00e1 sendo executada em todo o Brasil e hoje estamos distribuindo um material com informa\u00e7\u00f5es importantes sobre os direitos e deveres dos servidores do TCE, principalmente porque esses servidores s\u00e3o fundamentais para o bom funcionamento do servi\u00e7o p\u00fablico\u201d, afirmou o conselheiro Josu\u00e9 Neto.<\/p>\n<p><a href=\"https:\/\/www.tceam.tc.br\/wp-content\/uploads\/2024\/05\/41198b48-4ccb-4664-add6-eab6cc6a6390-scaled.jpg\"><img decoding=\"async\" class=\"aligncenter size-full wp-image-71678 lazyload\" data-src=\"https:\/\/www.tceam.tc.br\/wp-content\/uploads\/2024\/05\/41198b48-4ccb-4664-add6-eab6cc6a6390-scaled.jpg\" alt=\"\" width=\"1024\" height=\"683\" data-srcset=\"https:\/\/www.tceam.tc.br\/wp-content\/uploads\/2024\/05\/41198b48-4ccb-4664-add6-eab6cc6a6390-scaled.jpg 1024w, https:\/\/www.tceam.tc.br\/wp-content\/uploads\/2024\/05\/41198b48-4ccb-4664-add6-eab6cc6a6390-300x200.jpg 300w, https:\/\/www.tceam.tc.br\/wp-content\/uploads\/2024\/05\/41198b48-4ccb-4664-add6-eab6cc6a6390-768x512.jpg 768w, https:\/\/www.tceam.tc.br\/wp-content\/uploads\/2024\/05\/41198b48-4ccb-4664-add6-eab6cc6a6390-1536x1024.jpg 1536w, https:\/\/www.tceam.tc.br\/wp-content\/uploads\/2024\/05\/41198b48-4ccb-4664-add6-eab6cc6a6390-2048x1365.jpg 2048w\" data-sizes=\"(max-width: 1024px) 100vw, 1024px\" src=\"data:image\/gif;base64,R0lGODlhAQABAAAAACH5BAEKAAEALAAAAAABAAEAAAICTAEAOw==\" style=\"--smush-placeholder-width: 1024px; --smush-placeholder-aspect-ratio: 1024\/683;\" \/><\/a><\/p>\n<p>Al\u00e9m da distribui\u00e7\u00e3o de panfletos, as equipes da Corregedoria tamb\u00e9m promoveram a\u00e7\u00f5es de esclarecimento sobre a atua\u00e7\u00e3o do \u00f3rg\u00e3o no TCE e presen\u00e7a no setor p\u00fablico.<\/p>\n<p>No TCE-AM, as a\u00e7\u00f5es do &#8220;Corregedoria Day&#8221; ser\u00e3o realizadas com a proposta de orientar, fiscalizar e avaliar as atividades funcionais e condutas de membros e servidores da Corte para a promo\u00e7\u00e3o da \u00e9tica no Tribunal, al\u00e9m de prevenir e combater o ass\u00e9dio moral, sexual e todas as formas de discrimina\u00e7\u00e3o nas cortes de contas, conforme orienta\u00e7\u00e3o do Instituto Rui Barbosa (IRB).<\/p>\n<p><a href=\"https:\/\/www.tceam.tc.br\/wp-content\/uploads\/2024\/05\/71a73815-7b12-4863-ba96-eb97b6359952-scaled.jpg\"><img decoding=\"async\" class=\"aligncenter size-full wp-image-71676 lazyload\" data-src=\"https:\/\/www.tceam.tc.br\/wp-content\/uploads\/2024\/05\/71a73815-7b12-4863-ba96-eb97b6359952-scaled.jpg\" alt=\"\" width=\"1024\" height=\"683\" data-srcset=\"https:\/\/www.tceam.tc.br\/wp-content\/uploads\/2024\/05\/71a73815-7b12-4863-ba96-eb97b6359952-scaled.jpg 1024w, https:\/\/www.tceam.tc.br\/wp-content\/uploads\/2024\/05\/71a73815-7b12-4863-ba96-eb97b6359952-300x200.jpg 300w, https:\/\/www.tceam.tc.br\/wp-content\/uploads\/2024\/05\/71a73815-7b12-4863-ba96-eb97b6359952-768x512.jpg 768w, https:\/\/www.tceam.tc.br\/wp-content\/uploads\/2024\/05\/71a73815-7b12-4863-ba96-eb97b6359952-1536x1024.jpg 1536w, https:\/\/www.tceam.tc.br\/wp-content\/uploads\/2024\/05\/71a73815-7b12-4863-ba96-eb97b6359952-2048x1365.jpg 2048w\" data-sizes=\"(max-width: 1024px) 100vw, 1024px\" src=\"data:image\/gif;base64,R0lGODlhAQABAAAAACH5BAEKAAEALAAAAAABAAEAAAICTAEAOw==\" style=\"--smush-placeholder-width: 1024px; --smush-placeholder-aspect-ratio: 1024\/683;\" \/><\/a><\/p>\n<p><strong>Texto<\/strong>: Giovanna F\u00e9lix<br \/>\n<strong>Foto<\/strong>: Filipe Jazz<\/p>\n","protected":false},"excerpt":{"rendered":"<p>A Corregedoria do Tribunal de Contas do Estado do Amazonas (TCE-AM) deu in\u00edcio, na manh\u00e3 desta quinta-feira (02), as a\u00e7\u00f5es do \u201cCorregedoria Day\u201d, programa\u00e7\u00e3o que celebra o Dia Nacional da \u00c9tica e ser\u00e1 realizada durante todo o m\u00eas de maio, para conscientizar servidores p\u00fablicos sobre o comportamento \u00e9tico e moral no trabalho. Conforme o corregedor [&hellip;]<\/p>\n","protected":false},"author":49,"featured_media":71677,"comment_status":"closed","ping_status":"closed","sticky":false,"template":"","format":"standard","meta":{"footnotes":""},"categories":[4,13,5],"tags":[],"class_list":["post-71669","post","type-post","status-publish","format-standard","has-post-thumbnail","hentry","category-banner","category-destaque","category-noticias"],"_links":{"self":[{"href":"https:\/\/www.tceam.tc.br\/index.php?rest_route=\/wp\/v2\/posts\/71669","targetHints":{"allow":["GET"]}}],"collection":[{"href":"https:\/\/www.tceam.tc.br\/index.php?rest_route=\/wp\/v2\/posts"}],"about":[{"href":"https:\/\/www.tceam.tc.br\/index.php?rest_route=\/wp\/v2\/types\/post"}],"author":[{"embeddable":true,"href":"https:\/\/www.tceam.tc.br\/index.php?rest_route=\/wp\/v2\/users\/49"}],"replies":[{"embeddable":true,"href":"https:\/\/www.tceam.tc.br\/index.php?rest_route=%2Fwp%2Fv2%2Fcomments&post=71669"}],"version-history":[{"count":4,"href":"https:\/\/www.tceam.tc.br\/index.php?rest_route=\/wp\/v2\/posts\/71669\/revisions"}],"predecessor-version":[{"id":71681,"href":"https:\/\/www.tceam.tc.br\/index.php?rest_route=\/wp\/v2\/posts\/71669\/revisions\/71681"}],"wp:featuredmedia":[{"embeddable":true,"href":"https:\/\/www.tceam.tc.br\/index.php?rest_route=\/wp\/v2\/media\/71677"}],"wp:attachment":[{"href":"https:\/\/www.tceam.tc.br\/index.php?rest_route=%2Fwp%2Fv2%2Fmedia&parent=71669"}],"wp:term":[{"taxonomy":"category","embeddable":true,"href":"https:\/\/www.tceam.tc.br\/index.php?rest_route=%2Fwp%2Fv2%2Fcategories&post=71669"},{"taxonomy":"post_tag","embeddable":true,"href":"https:\/\/www.tceam.tc.br\/index.php?rest_route=%2Fwp%2Fv2%2Ftags&post=71669"}],"curies":[{"name":"wp","href":"https:\/\/api.w.org\/{rel}","templated":true}]}}