
{"id":71418,"date":"2024-04-19T10:50:42","date_gmt":"2024-04-19T14:50:42","guid":{"rendered":"https:\/\/www.tceam.tc.br\/?p=71418"},"modified":"2024-08-19T12:50:20","modified_gmt":"2024-08-19T16:50:20","slug":"equipe-do-tce-am-fortalece-debate-em-forum-da-educacao","status":"publish","type":"post","link":"https:\/\/www.tceam.tc.br\/?p=71418","title":{"rendered":"Equipe do TCE-AM fortalece debate em F\u00f3rum da Educa\u00e7\u00e3o"},"content":{"rendered":"<p style=\"text-align: justify;\">A atua\u00e7\u00e3o do Tribunal de Contas do Amazonas (TCE-AM) frente \u00e0 \u00e1rea da educa\u00e7\u00e3o ganhou destaque no F\u00f3rum Estadual Extraordin\u00e1rio da Uni\u00e3o Nacional dos Dirigentes Municipais de Educa\u00e7\u00e3o (Undime) Amazonas, realizado na quinta-feira, 18. Quatro servidores do Departamento de Auditoria em Educa\u00e7\u00e3o do TCE-AM apresentaram aspectos do trabalho da corte de contas durante o evento que durou tr\u00eas dias.<\/p>\n<p style=\"text-align: justify;\">&#8220;N\u00f3s trouxemos a nossa principal atua\u00e7\u00e3o, que \u00e9 essa fiscaliza\u00e7\u00e3o voltada para o desempenho das pol\u00edticas p\u00fablicas&#8221;, afirmou Adrianne Regina da Silva Freire, chefe do departamento. Adrianne abriu o painel de gest\u00e3o p\u00fablica com uma palestra sobre an\u00e1lise de n\u00fameros no Brasil e fiscaliza\u00e7\u00e3o das pol\u00edticas p\u00fablicas.<\/p>\n<p style=\"text-align: justify;\">Em seguida, Jud\u00e1 Ben Jud\u00e1 Pompeu Bessa discorreu sobre a compet\u00eancia do departamento em controlar os gastos com educa\u00e7\u00e3o e a tend\u00eancia dos tribunais de contas no pa\u00eds, abordando tamb\u00e9m a auditoria operacional.<br \/>\nJ\u00falio Alan dos Santos Viana concentrou sua palestra na oferta de vagas em creches e pr\u00e9-escolas, enquanto Edirley Rodrigues de Oliveira encerrou a participa\u00e7\u00e3o do TCE-AM com uma apresenta\u00e7\u00e3o sobre inclus\u00e3o social nas escolas, destacando aspectos que podem ser trabalhados nos munic\u00edpios sobre essa quest\u00e3o.<\/p>\n<p style=\"text-align: justify;\">Ant\u00f4nia Rodrigues da Silva, presidente da Undime Amazonas, expressou gratid\u00e3o pela presen\u00e7a da equipe do tribunal, ressaltando seu papel como parceiro na garantia do direito \u00e0 educa\u00e7\u00e3o de qualidade. &#8220;Pra gente nos alegra muito ter o tribunal aqui como esse grande parceiro na orienta\u00e7\u00e3o dos secret\u00e1rios das redes municipais de ensino. Nos ajuda muito ter o tribunal com esse assessoramento de como a gente pode estar executando os recursos p\u00fablicos de forma a melhorar a qualidade da educa\u00e7\u00e3o\u201d, afirmou a presidente da Undime Amazonas.<\/p>\n<p style=\"text-align: justify;\">O f\u00f3rum contou com a participa\u00e7\u00e3o de 160 pessoas de 42 munic\u00edpios, incluindo secret\u00e1rios e equipes t\u00e9cnicas das secretarias da educa\u00e7\u00e3o. Ao final do evento, a Undime planeja elaborar um relat\u00f3rio com encaminhamentos para guiar os munic\u00edpios em suas pol\u00edticas educacionais.<\/p>\n<p style=\"text-align: justify;\"><strong>Texto<\/strong>: Fl\u00e1via Rezende<br \/>\n<strong>Foto<\/strong>: Filipe Jazz<\/p>\n","protected":false},"excerpt":{"rendered":"<p>A atua\u00e7\u00e3o do Tribunal de Contas do Amazonas (TCE-AM) frente \u00e0 \u00e1rea da educa\u00e7\u00e3o ganhou destaque no F\u00f3rum Estadual Extraordin\u00e1rio da Uni\u00e3o Nacional dos Dirigentes Municipais de Educa\u00e7\u00e3o (Undime) Amazonas, realizado na quinta-feira, 18. Quatro servidores do Departamento de Auditoria em Educa\u00e7\u00e3o do TCE-AM apresentaram aspectos do trabalho da corte de contas durante o evento [&hellip;]<\/p>\n","protected":false},"author":82,"featured_media":71419,"comment_status":"closed","ping_status":"closed","sticky":false,"template":"","format":"standard","meta":{"footnotes":""},"categories":[4,13,5,163],"tags":[],"class_list":["post-71418","post","type-post","status-publish","format-standard","has-post-thumbnail","hentry","category-banner","category-destaque","category-noticias","category-portal-secex"],"_links":{"self":[{"href":"https:\/\/www.tceam.tc.br\/index.php?rest_route=\/wp\/v2\/posts\/71418","targetHints":{"allow":["GET"]}}],"collection":[{"href":"https:\/\/www.tceam.tc.br\/index.php?rest_route=\/wp\/v2\/posts"}],"about":[{"href":"https:\/\/www.tceam.tc.br\/index.php?rest_route=\/wp\/v2\/types\/post"}],"author":[{"embeddable":true,"href":"https:\/\/www.tceam.tc.br\/index.php?rest_route=\/wp\/v2\/users\/82"}],"replies":[{"embeddable":true,"href":"https:\/\/www.tceam.tc.br\/index.php?rest_route=%2Fwp%2Fv2%2Fcomments&post=71418"}],"version-history":[{"count":2,"href":"https:\/\/www.tceam.tc.br\/index.php?rest_route=\/wp\/v2\/posts\/71418\/revisions"}],"predecessor-version":[{"id":71430,"href":"https:\/\/www.tceam.tc.br\/index.php?rest_route=\/wp\/v2\/posts\/71418\/revisions\/71430"}],"wp:featuredmedia":[{"embeddable":true,"href":"https:\/\/www.tceam.tc.br\/index.php?rest_route=\/wp\/v2\/media\/71419"}],"wp:attachment":[{"href":"https:\/\/www.tceam.tc.br\/index.php?rest_route=%2Fwp%2Fv2%2Fmedia&parent=71418"}],"wp:term":[{"taxonomy":"category","embeddable":true,"href":"https:\/\/www.tceam.tc.br\/index.php?rest_route=%2Fwp%2Fv2%2Fcategories&post=71418"},{"taxonomy":"post_tag","embeddable":true,"href":"https:\/\/www.tceam.tc.br\/index.php?rest_route=%2Fwp%2Fv2%2Ftags&post=71418"}],"curies":[{"name":"wp","href":"https:\/\/api.w.org\/{rel}","templated":true}]}}