
{"id":71134,"date":"2024-04-01T15:56:09","date_gmt":"2024-04-01T19:56:09","guid":{"rendered":"https:\/\/www.tceam.tc.br\/?p=71134"},"modified":"2024-08-19T12:50:26","modified_gmt":"2024-08-19T16:50:26","slug":"tce-am-reune-equipe-da-educacao-para-discutir-irregularidades-encontradas-em-escola","status":"publish","type":"post","link":"https:\/\/www.tceam.tc.br\/?p=71134","title":{"rendered":"TCE-AM re\u00fane equipe da Educa\u00e7\u00e3o para discutir irregularidades encontradas em escola"},"content":{"rendered":"<p style=\"text-align: justify;\">A presidente do Tribunal de Contas do Amazonas (TCE-AM), conselheira Yara Amaz\u00f4nia Lins, recebeu a secret\u00e1ria estadual de Educa\u00e7\u00e3o e Desporto Escolar (Seduc), Arlete Mendon\u00e7a na manh\u00e3 desta segunda-feira (1\u00ba). A reuni\u00e3o foi para discutir as inspe\u00e7\u00f5es a serem realizadas no \u00e2mbito da educa\u00e7\u00e3o p\u00fablica no Estado, al\u00e9m de resolver quest\u00f5es identificadas durante a \u00faltima fiscaliza\u00e7\u00e3o do programa Blitz TCE, realizada no dia 15 de mar\u00e7o, na Escola Estadual S\u00f3lon de Lucena.<\/p>\n<p style=\"text-align: justify;\">De acordo com a secret\u00e1ria Arlete Mendon\u00e7a, ap\u00f3s a realiza\u00e7\u00e3o da Blitz TCE na Escola Estadual, j\u00e1 foram feitos os ajustes no formato das aulas, que estavam sendo realizadas por meio de sistema de rod\u00edzio por conta de reparos na institui\u00e7\u00e3o. Segundo a secret\u00e1ria, os estudantes que estavam na modalidade h\u00edbrida retornaram no dia 25 de mar\u00e7o ao formato presencial. A partir desse retorno, a gest\u00e3o da Seduc pretende demonstrar para a Corte de Contas o comprometimento com as melhorias no servi\u00e7o de educa\u00e7\u00e3o \u00e0 popula\u00e7\u00e3o amazonense.<\/p>\n<p style=\"text-align: justify;\">Estiveram presentes na reuni\u00e3o, o secret\u00e1rio de Intelig\u00eancia, S\u00e9rgio Fontes; o secret\u00e1rio de Controle Externo, Stanley Scherrer; o diretor jur\u00eddico, Rafael Albuquerque; a chefe do departamento de Auditoria em Educa\u00e7\u00e3o, Adrianne Freire e o assessor Jorge Veras, representando o vice-presidente da Corte de Contas, conselheiro Fabian Barbosa.<\/p>\n<p style=\"text-align: justify;\"><strong>Inspe\u00e7\u00e3o<\/strong><\/p>\n<p style=\"text-align: justify;\">Com o objetivo de apurar den\u00fancias recebidas pelos canais de comunica\u00e7\u00e3o do programa Blitz TCE por supostas irregularidades, o programa realizou, no dia 15 de mar\u00e7o, uma inspe\u00e7\u00e3o na Escola Estadual S\u00f3lon de Lucena. Contando com dez auditores t\u00e9cnicos, a fiscaliza\u00e7\u00e3o apurou junto \u00e0 gestora da institui\u00e7\u00e3o de ensino informa\u00e7\u00f5es sobre den\u00fancias de obras inacabadas que estariam obrigando a utiliza\u00e7\u00e3o de um sistema de rod\u00edzio de aulas e do ensino h\u00edbrido em algumas turmas.<\/p>\n<p style=\"text-align: justify;\">Tamb\u00e9m durante as inspe\u00e7\u00f5es, os integrantes da equipe fiscalizaram a infraestrutura da escola, como salas de aula, banheiros, cantina e \u00e1reas comuns, bem como a disponibilidade de alimentos no dep\u00f3sito, entre outros.<\/p>\n<p style=\"text-align: justify;\"><strong>Texto:<\/strong> Giovanna F\u00e9lix<br \/>\n<strong>Foto:<\/strong>\u00a0Filipe\u00a0Jazz<\/p>\n","protected":false},"excerpt":{"rendered":"<p>A presidente do Tribunal de Contas do Amazonas (TCE-AM), conselheira Yara Amaz\u00f4nia Lins, recebeu a secret\u00e1ria estadual de Educa\u00e7\u00e3o e Desporto Escolar (Seduc), Arlete Mendon\u00e7a na manh\u00e3 desta segunda-feira (1\u00ba). A reuni\u00e3o foi para discutir as inspe\u00e7\u00f5es a serem realizadas no \u00e2mbito da educa\u00e7\u00e3o p\u00fablica no Estado, al\u00e9m de resolver quest\u00f5es identificadas durante a \u00faltima [&hellip;]<\/p>\n","protected":false},"author":49,"featured_media":71135,"comment_status":"closed","ping_status":"closed","sticky":false,"template":"","format":"standard","meta":{"footnotes":""},"categories":[4,13,5,163],"tags":[],"class_list":["post-71134","post","type-post","status-publish","format-standard","has-post-thumbnail","hentry","category-banner","category-destaque","category-noticias","category-portal-secex"],"_links":{"self":[{"href":"https:\/\/www.tceam.tc.br\/index.php?rest_route=\/wp\/v2\/posts\/71134","targetHints":{"allow":["GET"]}}],"collection":[{"href":"https:\/\/www.tceam.tc.br\/index.php?rest_route=\/wp\/v2\/posts"}],"about":[{"href":"https:\/\/www.tceam.tc.br\/index.php?rest_route=\/wp\/v2\/types\/post"}],"author":[{"embeddable":true,"href":"https:\/\/www.tceam.tc.br\/index.php?rest_route=\/wp\/v2\/users\/49"}],"replies":[{"embeddable":true,"href":"https:\/\/www.tceam.tc.br\/index.php?rest_route=%2Fwp%2Fv2%2Fcomments&post=71134"}],"version-history":[{"count":1,"href":"https:\/\/www.tceam.tc.br\/index.php?rest_route=\/wp\/v2\/posts\/71134\/revisions"}],"predecessor-version":[{"id":71136,"href":"https:\/\/www.tceam.tc.br\/index.php?rest_route=\/wp\/v2\/posts\/71134\/revisions\/71136"}],"wp:featuredmedia":[{"embeddable":true,"href":"https:\/\/www.tceam.tc.br\/index.php?rest_route=\/wp\/v2\/media\/71135"}],"wp:attachment":[{"href":"https:\/\/www.tceam.tc.br\/index.php?rest_route=%2Fwp%2Fv2%2Fmedia&parent=71134"}],"wp:term":[{"taxonomy":"category","embeddable":true,"href":"https:\/\/www.tceam.tc.br\/index.php?rest_route=%2Fwp%2Fv2%2Fcategories&post=71134"},{"taxonomy":"post_tag","embeddable":true,"href":"https:\/\/www.tceam.tc.br\/index.php?rest_route=%2Fwp%2Fv2%2Ftags&post=71134"}],"curies":[{"name":"wp","href":"https:\/\/api.w.org\/{rel}","templated":true}]}}