
{"id":67433,"date":"2023-10-18T08:59:52","date_gmt":"2023-10-18T12:59:52","guid":{"rendered":"https:\/\/www.tceam.tc.br\/?p=67433"},"modified":"2023-10-18T09:00:17","modified_gmt":"2023-10-18T13:00:17","slug":"67433","status":"publish","type":"post","link":"https:\/\/www.tceam.tc.br\/?p=67433","title":{"rendered":"TCE-AM promove curso de capacita\u00e7\u00e3o sobre regime previdenci\u00e1rio do setor p\u00fablico"},"content":{"rendered":"<p style=\"text-align: justify;\">O Tribunal de Contas do Estado do Amazonas (TCE-AM) por meio da Escola de Contas P\u00fablicas do Estado do Amazonas (ECP-AM) promove, nos dias 30 e 31 de outubro, o curso de capacita\u00e7\u00e3o &#8216;Regime Previdenci\u00e1rio do Setor P\u00fablico&#8217;. O curso ser\u00e1 ministrado presencialmente no Audit\u00f3rio da Corte de Contas, de 8h30 \u00e0s 17h, com uma carga hor\u00e1ria de 14h.<\/p>\n<p style=\"text-align: justify;\">Visando qualificar os servidores da Diretoria de Controle Externo de Regime Pr\u00f3prio de Previd\u00eancia da Corte(Dicerp\/TCE-AM), al\u00e9m de gestores, conselheiros dos Regimes Pr\u00f3prios de Previd\u00eancia Social (RPPS), conselhos fiscal e de administra\u00e7\u00e3o, estudantes e sociedade civil, a forma\u00e7\u00e3o ser\u00e1 aplicada pelo Flavio Rodrigues de Castro, superintendente de Investimentos da ManausPrev e consultor de investimentos, e pelo Elias Cruz da Silva, diretor da Dicerp do TCE-AM e mestre em Ci\u00eancias Cont\u00e1beias.<\/p>\n<p style=\"text-align: justify;\">Em seu conte\u00fado program\u00e1tico, o curso ir\u00e1 abordar normas e regras pr\u00f3prias relacionadas ao sistema previdenci\u00e1rio exclusivo por garantir os benef\u00edcios previdenci\u00e1rios para servidores p\u00fablicos efetivos e seus dependentes.<\/p>\n<p style=\"text-align: justify;\">Ap\u00f3s o encerramento do curso, todos os participantes que cumprirem 75% das aulas no per\u00edodo de realiza\u00e7\u00e3o da qualifica\u00e7\u00e3o, receber\u00e3o certificado de participa\u00e7\u00e3o.<\/p>\n<p style=\"text-align: justify;\">Para os interessados, as inscri\u00e7\u00f5es e informa\u00e7\u00f5es sobre essa e outras qualifica\u00e7\u00f5es ofertadas pela Escola, podem ser acessadas atrav\u00e9s do site da ECP, pelo endere\u00e7o virtual <a href=\"http:\/\/ecpvirtual.tce.am.gov.br\">ecpvirtual.tce.am.gov.br<\/a>.<\/p>\n","protected":false},"excerpt":{"rendered":"<p>O Tribunal de Contas do Estado do Amazonas (TCE-AM) por meio da Escola de Contas P\u00fablicas do Estado do Amazonas (ECP-AM) promove, nos dias 30 e 31 de outubro, o curso de capacita\u00e7\u00e3o &#8216;Regime Previdenci\u00e1rio do Setor P\u00fablico&#8217;. O curso ser\u00e1 ministrado presencialmente no Audit\u00f3rio da Corte de Contas, de 8h30 \u00e0s 17h, com uma [&hellip;]<\/p>\n","protected":false},"author":46,"featured_media":61290,"comment_status":"closed","ping_status":"closed","sticky":false,"template":"","format":"standard","meta":{"footnotes":""},"categories":[4,13,5],"tags":[],"class_list":["post-67433","post","type-post","status-publish","format-standard","has-post-thumbnail","hentry","category-banner","category-destaque","category-noticias"],"_links":{"self":[{"href":"https:\/\/www.tceam.tc.br\/index.php?rest_route=\/wp\/v2\/posts\/67433","targetHints":{"allow":["GET"]}}],"collection":[{"href":"https:\/\/www.tceam.tc.br\/index.php?rest_route=\/wp\/v2\/posts"}],"about":[{"href":"https:\/\/www.tceam.tc.br\/index.php?rest_route=\/wp\/v2\/types\/post"}],"author":[{"embeddable":true,"href":"https:\/\/www.tceam.tc.br\/index.php?rest_route=\/wp\/v2\/users\/46"}],"replies":[{"embeddable":true,"href":"https:\/\/www.tceam.tc.br\/index.php?rest_route=%2Fwp%2Fv2%2Fcomments&post=67433"}],"version-history":[{"count":2,"href":"https:\/\/www.tceam.tc.br\/index.php?rest_route=\/wp\/v2\/posts\/67433\/revisions"}],"predecessor-version":[{"id":67435,"href":"https:\/\/www.tceam.tc.br\/index.php?rest_route=\/wp\/v2\/posts\/67433\/revisions\/67435"}],"wp:featuredmedia":[{"embeddable":true,"href":"https:\/\/www.tceam.tc.br\/index.php?rest_route=\/wp\/v2\/media\/61290"}],"wp:attachment":[{"href":"https:\/\/www.tceam.tc.br\/index.php?rest_route=%2Fwp%2Fv2%2Fmedia&parent=67433"}],"wp:term":[{"taxonomy":"category","embeddable":true,"href":"https:\/\/www.tceam.tc.br\/index.php?rest_route=%2Fwp%2Fv2%2Fcategories&post=67433"},{"taxonomy":"post_tag","embeddable":true,"href":"https:\/\/www.tceam.tc.br\/index.php?rest_route=%2Fwp%2Fv2%2Ftags&post=67433"}],"curies":[{"name":"wp","href":"https:\/\/api.w.org\/{rel}","templated":true}]}}