
{"id":66388,"date":"2023-08-28T13:06:04","date_gmt":"2023-08-28T17:06:04","guid":{"rendered":"https:\/\/www.tceam.tc.br\/?p=66388"},"modified":"2023-11-23T11:41:18","modified_gmt":"2023-11-23T15:41:18","slug":"tce-am-informa-gestores-municipais-sobre-o-projeto-sala-de-gestao-e-governanca-da-educacao-basica","status":"publish","type":"post","link":"https:\/\/www.tceam.tc.br\/?p=66388","title":{"rendered":"TCE-AM informa gestores municipais sobre o projeto &#8216;Sala de Gest\u00e3o e Governan\u00e7a da Educa\u00e7\u00e3o B\u00e1sica&#8217;"},"content":{"rendered":"<p style=\"text-align: justify;\">O Tribunal de Contas do Estado do Amazonas (TCE-AM), via Departamento de Auditoria em Educa\u00e7\u00e3o (Deae), informa gestores dos munic\u00edpios amazonenses sobre o projeto &#8220;Sala de Gest\u00e3o e Governan\u00e7a da Educa\u00e7\u00e3o B\u00e1sica no Brasil&#8221; que visa melhorar o processo de comunica\u00e7\u00e3o entre o Governo Federal e os Governos Municipais das unidades da federa\u00e7\u00e3o.<\/p>\n<p style=\"text-align: justify;\">Desenvolvido pela Secretaria de Educa\u00e7\u00e3o B\u00e1sica do Minist\u00e9rio da Educa\u00e7\u00e3o (SEB\/MEC) em parceria com o Laborat\u00f3rio de Inova\u00e7\u00e3o em Governan\u00e7a, da Gest\u00e3o de Riscos, do Controle e da Auditoria do Setor P\u00fablico da Universidade de Bras\u00edlia (UnB), a sala \u00e9 uma iniciativa que pretende ajudar na tomada de decis\u00e3o dos gestores para a gest\u00e3o e governan\u00e7a, buscando a melhor aplica\u00e7\u00e3o dos recursos de cada munic\u00edpio a partir da tradu\u00e7\u00e3o das informa\u00e7\u00f5es cont\u00e1beis para uma linguagem compartilhada e acess\u00edvel.<\/p>\n<p style=\"text-align: justify;\">Com o objetivo de envolver todos os servidores da secretaria de educa\u00e7\u00e3o, o projeto planeja desenvolver e transferir instrumentos e tecnologias de gest\u00e3o cujo intuito \u00e9 contribuir com os gestores de todo o pa\u00eds para a melhoria da qualidade da entrega dos servi\u00e7os p\u00fablicos principalmente na \u00e1rea educacional.<\/p>\n<p style=\"text-align: justify;\">Em vig\u00eancia desde 2021, o projeto n\u00e3o cobra contrapartida financeira dos munic\u00edpios em nenhuma de suas etapas, pois deseja dar uma nova vis\u00e3o ao gestor acerca dos custos referentes \u00e0 educa\u00e7\u00e3o no seu munic\u00edpio, permitindo uma maior efici\u00eancia nas despesas e uma perspectiva financeira mais individualizada.<\/p>\n<p style=\"text-align: justify;\">A iniciativa j\u00e1 conta com o apoio de diversas institui\u00e7\u00f5es que procuram obter a ades\u00e3o espont\u00e2nea de todos os munic\u00edpios brasileiros.<\/p>\n<p style=\"text-align: justify;\">Os gestores municipais interessados em aderir ao projeto devem ser feitas atrav\u00e9s do site <a href=\"http:\/\/projetosalasebunb.com.br\">projetosalasebunb.com.br<\/a>. Al\u00e9m disso, o projeto tamb\u00e9m viabiliza o contato de uma conta no WhatsApp, no n\u00famero +55 (61) 9 8274-6800 ou +55 (61) 9 9299-8748, exclusivamente para tirar d\u00favidas t\u00e9cnicas sobre a Sala de Gest\u00e3o e Governan\u00e7a da Educa\u00e7\u00e3o B\u00e1sica do Brasil.<\/p>\n","protected":false},"excerpt":{"rendered":"<p>O Tribunal de Contas do Estado do Amazonas (TCE-AM), via Departamento de Auditoria em Educa\u00e7\u00e3o (Deae), informa gestores dos munic\u00edpios amazonenses sobre o projeto &#8220;Sala de Gest\u00e3o e Governan\u00e7a da Educa\u00e7\u00e3o B\u00e1sica no Brasil&#8221; que visa melhorar o processo de comunica\u00e7\u00e3o entre o Governo Federal e os Governos Municipais das unidades da federa\u00e7\u00e3o. Desenvolvido pela [&hellip;]<\/p>\n","protected":false},"author":46,"featured_media":15222,"comment_status":"closed","ping_status":"closed","sticky":false,"template":"","format":"standard","meta":{"footnotes":""},"categories":[4,13,5,163],"tags":[],"class_list":["post-66388","post","type-post","status-publish","format-standard","has-post-thumbnail","hentry","category-banner","category-destaque","category-noticias","category-portal-secex"],"_links":{"self":[{"href":"https:\/\/www.tceam.tc.br\/index.php?rest_route=\/wp\/v2\/posts\/66388","targetHints":{"allow":["GET"]}}],"collection":[{"href":"https:\/\/www.tceam.tc.br\/index.php?rest_route=\/wp\/v2\/posts"}],"about":[{"href":"https:\/\/www.tceam.tc.br\/index.php?rest_route=\/wp\/v2\/types\/post"}],"author":[{"embeddable":true,"href":"https:\/\/www.tceam.tc.br\/index.php?rest_route=\/wp\/v2\/users\/46"}],"replies":[{"embeddable":true,"href":"https:\/\/www.tceam.tc.br\/index.php?rest_route=%2Fwp%2Fv2%2Fcomments&post=66388"}],"version-history":[{"count":1,"href":"https:\/\/www.tceam.tc.br\/index.php?rest_route=\/wp\/v2\/posts\/66388\/revisions"}],"predecessor-version":[{"id":66392,"href":"https:\/\/www.tceam.tc.br\/index.php?rest_route=\/wp\/v2\/posts\/66388\/revisions\/66392"}],"wp:featuredmedia":[{"embeddable":true,"href":"https:\/\/www.tceam.tc.br\/index.php?rest_route=\/wp\/v2\/media\/15222"}],"wp:attachment":[{"href":"https:\/\/www.tceam.tc.br\/index.php?rest_route=%2Fwp%2Fv2%2Fmedia&parent=66388"}],"wp:term":[{"taxonomy":"category","embeddable":true,"href":"https:\/\/www.tceam.tc.br\/index.php?rest_route=%2Fwp%2Fv2%2Fcategories&post=66388"},{"taxonomy":"post_tag","embeddable":true,"href":"https:\/\/www.tceam.tc.br\/index.php?rest_route=%2Fwp%2Fv2%2Ftags&post=66388"}],"curies":[{"name":"wp","href":"https:\/\/api.w.org\/{rel}","templated":true}]}}