
{"id":63469,"date":"2023-04-24T11:40:25","date_gmt":"2023-04-24T15:40:25","guid":{"rendered":"https:\/\/www.tceam.tc.br\/?p=63469"},"modified":"2023-11-23T11:38:12","modified_gmt":"2023-11-23T15:38:12","slug":"tce-am-participa-de-auditoria-nacional-em-mais-de-mil-escolas-de-todo-o-pais","status":"publish","type":"post","link":"https:\/\/www.tceam.tc.br\/?p=63469","title":{"rendered":"TCE-AM participa de auditoria nacional em mais de mil escolas de todo o pa\u00eds"},"content":{"rendered":"<p>Em uma a\u00e7\u00e3o conjunta nacional coordenada pela Associa\u00e7\u00e3o dos Membros dos Tribunais de Contas do Brasil (Atricon), e com o apoio de 32 Tribunais de Contas do pa\u00eds, o Tribunal de Contas do Estado do Amazonas (TCE-AM) iniciou, nesta segunda-feira (24), fiscaliza\u00e7\u00e3o em escolas nas cidades de Itacoatiara, Iranduba, Manacapuru e Presidente Figueiredo, para avaliar infraestrutura, material, seguran\u00e7a, entre outras \u00e1reas.<\/p>\n<p>&nbsp;<\/p>\n<p>Ao todo s\u00e3o mais de 190 itens que est\u00e3o sendo vistoriados at\u00e9 esta quarta-feira (26), na Opera\u00e7\u00e3o Educa\u00e7\u00e3o, que tem apoio t\u00e9cnico do Instituto Rui Barbosa (IRB), por meio do Comit\u00ea de Educa\u00e7\u00e3o (CTE-IRB).<\/p>\n<div class=\"wp-block-image\"><a href=\"https:\/\/www.tceam.tc.br\/wp-content\/uploads\/2023\/04\/WhatsApp-Image-2023-04-24-at-10.38.29.jpeg\"><img fetchpriority=\"high\" decoding=\"async\" class=\"wp-image-63471 alignleft\" src=\"https:\/\/www.tceam.tc.br\/wp-content\/uploads\/2023\/04\/WhatsApp-Image-2023-04-24-at-10.38.29-300x225.jpeg\" alt=\"\" width=\"424\" height=\"318\" srcset=\"https:\/\/www.tceam.tc.br\/wp-content\/uploads\/2023\/04\/WhatsApp-Image-2023-04-24-at-10.38.29-300x225.jpeg 300w, https:\/\/www.tceam.tc.br\/wp-content\/uploads\/2023\/04\/WhatsApp-Image-2023-04-24-at-10.38.29-768x576.jpeg 768w, https:\/\/www.tceam.tc.br\/wp-content\/uploads\/2023\/04\/WhatsApp-Image-2023-04-24-at-10.38.29.jpeg 1024w\" sizes=\"(max-width: 424px) 100vw, 424px\" \/><\/a><a href=\"https:\/\/www.tceam.tc.br\/wp-content\/uploads\/2023\/04\/WhatsApp-Image-2023-04-24-at-10.35.19.jpeg\"><img decoding=\"async\" class=\"wp-image-63472 alignleft lazyload\" data-src=\"https:\/\/www.tceam.tc.br\/wp-content\/uploads\/2023\/04\/WhatsApp-Image-2023-04-24-at-10.35.19-300x225.jpeg\" alt=\"\" width=\"422\" height=\"316\" data-srcset=\"https:\/\/www.tceam.tc.br\/wp-content\/uploads\/2023\/04\/WhatsApp-Image-2023-04-24-at-10.35.19-300x225.jpeg 300w, https:\/\/www.tceam.tc.br\/wp-content\/uploads\/2023\/04\/WhatsApp-Image-2023-04-24-at-10.35.19-1024x768.jpeg 1024w, https:\/\/www.tceam.tc.br\/wp-content\/uploads\/2023\/04\/WhatsApp-Image-2023-04-24-at-10.35.19-768x576.jpeg 768w, https:\/\/www.tceam.tc.br\/wp-content\/uploads\/2023\/04\/WhatsApp-Image-2023-04-24-at-10.35.19.jpeg 1152w\" data-sizes=\"(max-width: 422px) 100vw, 422px\" src=\"data:image\/gif;base64,R0lGODlhAQABAAAAACH5BAEKAAEALAAAAAABAAEAAAICTAEAOw==\" style=\"--smush-placeholder-width: 422px; --smush-placeholder-aspect-ratio: 422\/316;\" \/><\/a><\/div>\n<div class=\"wp-block-image\"><\/div>\n<p>Segundo a coordena\u00e7\u00e3o da a\u00e7\u00e3o, as informa\u00e7\u00f5es resultantes das averigua\u00e7\u00f5es presenciais em todo o pa\u00eds ser\u00e3o inseridas em um sistema de consolida\u00e7\u00e3o autom\u00e1tica de dados, criado pelo Tribunal de Contas do Estado de S\u00e3o Paulo. Em seguida, ser\u00e3o gerados relat\u00f3rios, um nacional e outro por estados e munic\u00edpios. A estimativa \u00e9 que os relat\u00f3rios sejam divulgados no dia 27, a partir das 14h.<\/p>\n<p>&nbsp;<\/p>\n<p>\u201cEssa fase de fiscaliza\u00e7\u00e3o serve para identificarmos os problemas e concentrarmos em um levantamento nacional. A partir disso, orientaremos os gestores ao que pode ser feito em prol da educa\u00e7\u00e3o em nosso Estado\u201d, destacou o conselheiro-presidente do TCE-AM, \u00c9rico Desterro.<\/p>\n<p>&nbsp;<\/p>\n<p>Membro do CTE-IRB e chefe do Departamento de Auditoria em Educa\u00e7\u00e3o do TCE-AM, o auditor J\u00falio Viana informou que a fiscaliza\u00e7\u00e3o ordenada \u00e9 fruto de um termo de coopera\u00e7\u00e3o entre os TCs para uso da mesma tecnologia e integra\u00e7\u00e3o dos dados coletados.<\/p>\n<p>&nbsp;<\/p>\n<p>\u201cEduca\u00e7\u00e3o foi o tema escolhido para 2023 por todos os Tribunais de Contas. Assinamos um termo de coopera\u00e7\u00e3o para utilizar a tecnologia disponibilizada pelo TCE de S\u00e3o Paulo. Nosso trabalho \u00e9 realizar a coleta de dados, transmitir esses dados para o TCE-SP, para, em seguida, termos um diagn\u00f3stico sobre os principais problemas das escolas e o que se pode aperfei\u00e7oar\u201d, explicou.<\/p>\n<p>&nbsp;<\/p>\n<p><strong>Fiscaliza\u00e7\u00e3o in loco<\/strong><\/p>\n<p>Durante as visitas est\u00e3o sendo avaliados itens relacionados \u00e0 infraestrutura, acessibilidade, seguran\u00e7a, conserva\u00e7\u00e3o de equipamentos, saneamento b\u00e1sico e energia el\u00e9trica, sistema de combate a inc\u00eandio, alimenta\u00e7\u00e3o, esportes e recrea\u00e7\u00e3o, biblioteca e laborat\u00f3rio, e outras observa\u00e7\u00f5es consideradas pertinentes pelos t\u00e9cnicos de controle externo.<\/p>\n<div class=\"wp-block-image\"><a href=\"https:\/\/www.tceam.tc.br\/wp-content\/uploads\/2023\/04\/WhatsApp-Image-2023-04-24-at-11.33.03.jpeg\"><img decoding=\"async\" class=\"wp-image-63470 alignleft lazyload\" data-src=\"https:\/\/www.tceam.tc.br\/wp-content\/uploads\/2023\/04\/WhatsApp-Image-2023-04-24-at-11.33.03-300x225.jpeg\" alt=\"\" width=\"459\" height=\"344\" data-srcset=\"https:\/\/www.tceam.tc.br\/wp-content\/uploads\/2023\/04\/WhatsApp-Image-2023-04-24-at-11.33.03-300x225.jpeg 300w, https:\/\/www.tceam.tc.br\/wp-content\/uploads\/2023\/04\/WhatsApp-Image-2023-04-24-at-11.33.03-1024x768.jpeg 1024w, https:\/\/www.tceam.tc.br\/wp-content\/uploads\/2023\/04\/WhatsApp-Image-2023-04-24-at-11.33.03-768x576.jpeg 768w, https:\/\/www.tceam.tc.br\/wp-content\/uploads\/2023\/04\/WhatsApp-Image-2023-04-24-at-11.33.03-1536x1152.jpeg 1536w, https:\/\/www.tceam.tc.br\/wp-content\/uploads\/2023\/04\/WhatsApp-Image-2023-04-24-at-11.33.03.jpeg 1600w\" data-sizes=\"(max-width: 459px) 100vw, 459px\" src=\"data:image\/gif;base64,R0lGODlhAQABAAAAACH5BAEKAAEALAAAAAABAAEAAAICTAEAOw==\" style=\"--smush-placeholder-width: 459px; --smush-placeholder-aspect-ratio: 459\/344;\" \/><\/a><\/div>\n<p>Al\u00e9m da an\u00e1lise t\u00e9cnica da infraestrutura de cada unidade, os servidores est\u00e3o realizando entrevistas com os diretores para obten\u00e7\u00e3o de informa\u00e7\u00f5es. Todo o material coletado no Amazonas servir\u00e1 para planejar e conduzir a\u00e7\u00f5es que busquem a melhoria do sistema educacional no Amazonas, possibilitando a corre\u00e7\u00e3o de problemas e aperfei\u00e7oando boas pr\u00e1ticas na administra\u00e7\u00e3o das unidades escolares.<\/p>\n<p>&nbsp;<\/p>\n<p>Os dados levantados ser\u00e3o concentrados na sala de situa\u00e7\u00e3o sediada no Tribunal de Contas do Estado de S\u00e3o Paulo (TCE-SP), criador da metodologia da fiscaliza\u00e7\u00e3o e do sistema informatizado, que coordena a a\u00e7\u00e3o ao lado do IRB, por meio do link https:\/\/dti2-app.tce.sp.gov.br\/api-fo-nacional\/mapa. Com esse programa, a opera\u00e7\u00e3o ser\u00e1 acompanhada, em tempo real, por meio de fotos e v\u00eddeos enviados pelos auditores em campo.<\/p>\n","protected":false},"excerpt":{"rendered":"<p>Em uma a\u00e7\u00e3o conjunta nacional coordenada pela Associa\u00e7\u00e3o dos Membros dos Tribunais de Contas do Brasil (Atricon), e com o apoio de 32 Tribunais de Contas do pa\u00eds, o Tribunal de Contas do Estado do Amazonas (TCE-AM) iniciou, nesta segunda-feira (24), fiscaliza\u00e7\u00e3o em escolas nas cidades de Itacoatiara, Iranduba, Manacapuru e Presidente Figueiredo, para avaliar [&hellip;]<\/p>\n","protected":false},"author":49,"featured_media":63473,"comment_status":"closed","ping_status":"closed","sticky":false,"template":"","format":"standard","meta":{"footnotes":""},"categories":[4,13,5,163],"tags":[],"class_list":["post-63469","post","type-post","status-publish","format-standard","has-post-thumbnail","hentry","category-banner","category-destaque","category-noticias","category-portal-secex"],"_links":{"self":[{"href":"https:\/\/www.tceam.tc.br\/index.php?rest_route=\/wp\/v2\/posts\/63469","targetHints":{"allow":["GET"]}}],"collection":[{"href":"https:\/\/www.tceam.tc.br\/index.php?rest_route=\/wp\/v2\/posts"}],"about":[{"href":"https:\/\/www.tceam.tc.br\/index.php?rest_route=\/wp\/v2\/types\/post"}],"author":[{"embeddable":true,"href":"https:\/\/www.tceam.tc.br\/index.php?rest_route=\/wp\/v2\/users\/49"}],"replies":[{"embeddable":true,"href":"https:\/\/www.tceam.tc.br\/index.php?rest_route=%2Fwp%2Fv2%2Fcomments&post=63469"}],"version-history":[{"count":5,"href":"https:\/\/www.tceam.tc.br\/index.php?rest_route=\/wp\/v2\/posts\/63469\/revisions"}],"predecessor-version":[{"id":63478,"href":"https:\/\/www.tceam.tc.br\/index.php?rest_route=\/wp\/v2\/posts\/63469\/revisions\/63478"}],"wp:featuredmedia":[{"embeddable":true,"href":"https:\/\/www.tceam.tc.br\/index.php?rest_route=\/wp\/v2\/media\/63473"}],"wp:attachment":[{"href":"https:\/\/www.tceam.tc.br\/index.php?rest_route=%2Fwp%2Fv2%2Fmedia&parent=63469"}],"wp:term":[{"taxonomy":"category","embeddable":true,"href":"https:\/\/www.tceam.tc.br\/index.php?rest_route=%2Fwp%2Fv2%2Fcategories&post=63469"},{"taxonomy":"post_tag","embeddable":true,"href":"https:\/\/www.tceam.tc.br\/index.php?rest_route=%2Fwp%2Fv2%2Ftags&post=63469"}],"curies":[{"name":"wp","href":"https:\/\/api.w.org\/{rel}","templated":true}]}}