{"id":62631,"date":"2023-03-07T14:26:16","date_gmt":"2023-03-07T18:26:16","guid":{"rendered":"https:\/\/www.tceam.tc.br\/?p=62631"},"modified":"2023-03-07T14:26:16","modified_gmt":"2023-03-07T18:26:16","slug":"tce-am-multa-ex-presidente-da-camara-municipal-de-santa-isabel-do-rio-em-r-3763-mil","status":"publish","type":"post","link":"https:\/\/www.tceam.tc.br\/?p=62631","title":{"rendered":"TCE-AM multa ex-presidente da C\u00e2mara Municipal de Santa Isabel do Rio em R$ 376,3 mil"},"content":{"rendered":"<p>&nbsp;<\/p>\n<p><iframe title=\"6\u00aa Sess\u00e3o Ordin\u00e1ria do Tribunal Pleno - 6\u00aa Sess\u00e3o Virtual\" data-src=\"https:\/\/www.youtube.com\/embed\/DWWGXdKTbpU\" width=\"1180\" height=\"664\" frameborder=\"0\" allowfullscreen=\"allowfullscreen\" src=\"data:image\/gif;base64,R0lGODlhAQABAAAAACH5BAEKAAEALAAAAAABAAEAAAICTAEAOw==\" class=\"lazyload\" data-load-mode=\"1\"><\/iframe><\/p>\n<p>Por decis\u00e3o un\u00e2nime, o ex-presidente da C\u00e2mara Municipal de Santa Isabel do Rio Negro, Jurciley da Silva Maximiano, referente ao exerc\u00edcio de 2020, ter\u00e1 que devolver aos cofres p\u00fablicos o valor total de R$ 376,3 mil por diversas irregularidades identificadas na presta\u00e7\u00e3o de contas anual do \u00f3rg\u00e3o. A decis\u00e3o foi proferida na manh\u00e3 desta ter\u00e7a-feira (7), durante a 6\u00aa Sess\u00e3o Ordin\u00e1ria do Pleno do Tribunal de Contas do Amazonas (TCE-AM).<\/p>\n<p>A sess\u00e3o teve a condu\u00e7\u00e3o do presidente do TCE-AM, conselheiro \u00c9rico Desterro, e transmiss\u00e3o ao vivo pelos perfis do TCE-AM no YouTube (TCE Amazonas), Facebook (\/tceamazonas) e Instagram (@tceamazonas).<\/p>\n<p>Entre as irregularidades identificadas pelo setor t\u00e9cnico na presta\u00e7\u00e3o de contas do ex-presidente da C\u00e2mara de Santa Isabel do Rio Negro est\u00e3o altos valores, n\u00e3o comprovados, inscritos em diferentes contas de dep\u00f3sitos identificados pela equipe t\u00e9cnica da Corte de Contas amazonense. H\u00e1, tamb\u00e9m, gastos com di\u00e1rias de viagens pagas pela C\u00e2mara Municipal e n\u00e3o comprovados por meio de bilhetes de passagem, relat\u00f3rio de viagem, comprovante de comparecimento nos \u00f3rg\u00e3os, entre outros.<\/p>\n<p>Em seu voto, j\u00e1 disponibilizado no portal do TCE, o conselheiro-relator Josu\u00e9 Cl\u00e1udio destacou que mesmo notificado a se manifestar no prazo de 30 dias, para apresentar justificativas ou documentos que gerassem algum tipo de defesa em rela\u00e7\u00e3o aos apontamentos da Corte de Contas, o ent\u00e3o gestor respons\u00e1vel, Jurciley Maximiano, n\u00e3o se manifestou, , sendo considerado revel. Ele possui 30 dias para pagar os valores devidos ou recorrer da decis\u00e3o.<\/p>\n<p>Ainda durante a sess\u00e3o, os conselheiros seguiram voto do conselheiro-relator J\u00falio Pinheiro e julgaram irregulares as contas de 2021 do Servi\u00e7o de \u00c1gua e Esgoto de Parintins, de responsabilidade de Fermiliano de Souza Tavares, que ter\u00e1 de devolver aos cofres p\u00fablicos o total de R$ 79 mil por impropriedades financeiras como a n\u00e3o justificativa de saldos existentes em contas de ingressos e disp\u00eandios do \u00f3rg\u00e3o, al\u00e9m de aus\u00eancia de estrutura pr\u00f3pria de controle interno na entidade.<br \/>\nO gestor tamb\u00e9m possui 30 dias para pagar os valores devidos ou para recorrer da decis\u00e3o do Tribunal Pleno.<\/p>\n<p>Ao todo, os conselheiros apreciaram 50 processos durante a 6\u00aa Sess\u00e3o Ordin\u00e1ria, entre eles 14 presta\u00e7\u00f5es de contas anuais; 14 representa\u00e7\u00f5es; sete recursos; sete embargos de declara\u00e7\u00e3o; tr\u00eas tomadas de contas especial de conv\u00eanio; duas den\u00fancias; uma cobran\u00e7a executiva de d\u00e9bitos; uma fiscaliza\u00e7\u00e3o de atos de gest\u00e3o, al\u00e9m de uma auditoria de levantamento.<\/p>\n<p>Conduzida pelo conselheiro-presidente \u00c9rico Desterro, a sess\u00e3o teve a participa\u00e7\u00e3o dos conselheiros J\u00falio Pinheiro, Yara Lins dos Santos, Josu\u00e9 Cl\u00e1udio e Fabian Barbosa, al\u00e9m dos auditores M\u00e1rio Filho e Luiz Henrique. O Minist\u00e9rio P\u00fablico de Contas (MPC) foi representado pela procuradora-geral Fernanda Cantanhede.<\/p>\n<p>A pr\u00f3xima sess\u00e3o ser\u00e1 realizada no dia 14 de mar\u00e7o, a partir das 10h, com transmiss\u00e3o ao vivo pelos perfis do TCE-AM no YouTube (TCE Amazonas), Facebook (\/tceamazonas) e Instagram (@tceamazonas).<\/p>\n","protected":false},"excerpt":{"rendered":"<p>&nbsp; Por decis\u00e3o un\u00e2nime, o ex-presidente da C\u00e2mara Municipal de Santa Isabel do Rio Negro, Jurciley da Silva Maximiano, referente ao exerc\u00edcio de 2020, ter\u00e1 que devolver aos cofres p\u00fablicos o valor total de R$ 376,3 mil por diversas irregularidades identificadas na presta\u00e7\u00e3o de contas anual do \u00f3rg\u00e3o. A decis\u00e3o foi proferida na manh\u00e3 desta [&hellip;]<\/p>\n","protected":false},"author":46,"featured_media":62632,"comment_status":"closed","ping_status":"closed","sticky":false,"template":"","format":"standard","meta":{"footnotes":""},"categories":[4,13,5],"tags":[],"class_list":["post-62631","post","type-post","status-publish","format-standard","has-post-thumbnail","hentry","category-banner","category-destaque","category-noticias"],"_links":{"self":[{"href":"https:\/\/www.tceam.tc.br\/index.php?rest_route=\/wp\/v2\/posts\/62631","targetHints":{"allow":["GET"]}}],"collection":[{"href":"https:\/\/www.tceam.tc.br\/index.php?rest_route=\/wp\/v2\/posts"}],"about":[{"href":"https:\/\/www.tceam.tc.br\/index.php?rest_route=\/wp\/v2\/types\/post"}],"author":[{"embeddable":true,"href":"https:\/\/www.tceam.tc.br\/index.php?rest_route=\/wp\/v2\/users\/46"}],"replies":[{"embeddable":true,"href":"https:\/\/www.tceam.tc.br\/index.php?rest_route=%2Fwp%2Fv2%2Fcomments&post=62631"}],"version-history":[{"count":1,"href":"https:\/\/www.tceam.tc.br\/index.php?rest_route=\/wp\/v2\/posts\/62631\/revisions"}],"predecessor-version":[{"id":62633,"href":"https:\/\/www.tceam.tc.br\/index.php?rest_route=\/wp\/v2\/posts\/62631\/revisions\/62633"}],"wp:featuredmedia":[{"embeddable":true,"href":"https:\/\/www.tceam.tc.br\/index.php?rest_route=\/wp\/v2\/media\/62632"}],"wp:attachment":[{"href":"https:\/\/www.tceam.tc.br\/index.php?rest_route=%2Fwp%2Fv2%2Fmedia&parent=62631"}],"wp:term":[{"taxonomy":"category","embeddable":true,"href":"https:\/\/www.tceam.tc.br\/index.php?rest_route=%2Fwp%2Fv2%2Fcategories&post=62631"},{"taxonomy":"post_tag","embeddable":true,"href":"https:\/\/www.tceam.tc.br\/index.php?rest_route=%2Fwp%2Fv2%2Ftags&post=62631"}],"curies":[{"name":"wp","href":"https:\/\/api.w.org\/{rel}","templated":true}]}}