
{"id":57423,"date":"2022-08-11T10:43:16","date_gmt":"2022-08-11T14:43:16","guid":{"rendered":"https:\/\/www.tceam.tc.br\/?p=57423"},"modified":"2025-07-22T15:14:08","modified_gmt":"2025-07-22T19:14:08","slug":"tce-am-emite-alerta-ao-governo-para-implementacao-do-icms-educacional","status":"publish","type":"post","link":"https:\/\/www.tceam.tc.br\/?p=57423","title":{"rendered":"TCE-AM emite alerta ao Governo para implementa\u00e7\u00e3o do ICMS educacional"},"content":{"rendered":"<p>Considerando a demora da implementa\u00e7\u00e3o do &#8220;ICMS Educacional&#8221; no estado e a proximidade do fim do prazo legal para institui\u00e7\u00e3o da lei regulamentadora do benef\u00edcio &#8211; dia 26 de agosto -, o Tribunal de Contas do Amazonas (TCE-AM), por meio do Departamento de Auditoria em Educa\u00e7\u00e3o (Deae), emitiu um alerta ao Governo do Estado para ado\u00e7\u00e3o de provid\u00eancias relacionadas \u00e0 Lei Estadual que regulamenta o ICMS Educacional.<\/p>\n<p>O alerta est\u00e1 dispon\u00edvel, na \u00edntegra, no Di\u00e1rio Oficial Eletr\u00f4nico do TCE-AM, em www.doe.tce.am.gov.br.<\/p>\n<p>Em 2020, uma Emenda Constitucional aumentou a porcentagem do Imposto de Circula\u00e7\u00e3o de Mercadorias e Servi\u00e7os (ICMS) que deve ser repartida aos munic\u00edpios. O valor subiu de 25% para 35%. Por\u00e9m, para conseguir acessar\/ distribuir esse valor adicional, o Estado precisa cumprir com indicadores de melhoria nos resultados de aprendizagem e aumento na igualdade nos estudos.<\/p>\n<p>Tais crit\u00e9rios podem proporcionar um avan\u00e7o na melhoria da educa\u00e7\u00e3o, de forma que os recursos de financiamento da educa\u00e7\u00e3o sejam redistribu\u00eddos de maneira mais adequada, valorizando os munic\u00edpios que apresentem melhores resultados.<\/p>\n<p>Quando aprovada a Emenda, ainda em 2020, foi estabelecido o prazo de dois anos para que os estados se adequem ao teor.<\/p>\n<p>No entanto, n\u00e3o foi editada nenhuma Lei regulamentadora no Estado do Amazonas e o prazo se encerra no pr\u00f3ximo dia 26 deste m\u00eas.<\/p>\n<p>&#8220;Estamos alertando a Administra\u00e7\u00e3o P\u00fablica estadual para que se adeque e institua a lei regulamentadora do chamado &#8220;ICMS Educacional&#8221;. \u00c9 uma a\u00e7\u00e3o pedag\u00f3gica e preventiva, antes do final do prazo, e em cumprimento a miss\u00e3o constitucional da Corte de Contas de fiscalizar as contas p\u00fablicas&#8221;, explicou o presidente do TCE-AM, conselheiro \u00c9rico Desterro.<\/p>\n<p>Sem efetiva\u00e7\u00e3o no AM<\/p>\n<p>Para emitir o alerta, o Departamento de Auditoria em Educa\u00e7\u00e3o do TCE-AM levou em considera\u00e7\u00e3o diversos pontos considerados deficit\u00e1rios para efetiva\u00e7\u00e3o do &#8220;ICMS educacional&#8221;.<\/p>\n<p>Segundo resolu\u00e7\u00e3o da Associa\u00e7\u00e3o dos Tribunais de Contas (Atricon), \u00e9 responsabilidade dos Tribunais o controle externo da educa\u00e7\u00e3o, desenvolvendo compet\u00eancia t\u00e9cnica para an\u00e1lise de governan\u00e7a das pol\u00edticas p\u00fablicas de educa\u00e7\u00e3o, qualidade e planejamento das gest\u00f5es das redes de ensino.<\/p>\n","protected":false},"excerpt":{"rendered":"<p>Considerando a demora da implementa\u00e7\u00e3o do &#8220;ICMS Educacional&#8221; no estado e a proximidade do fim do prazo legal para institui\u00e7\u00e3o da lei regulamentadora do benef\u00edcio &#8211; dia 26 de agosto -, o Tribunal de Contas do Amazonas (TCE-AM), por meio do Departamento de Auditoria em Educa\u00e7\u00e3o (Deae), emitiu um alerta ao Governo do Estado para [&hellip;]<\/p>\n","protected":false},"author":49,"featured_media":57424,"comment_status":"closed","ping_status":"closed","sticky":false,"template":"","format":"standard","meta":{"footnotes":""},"categories":[4,369,163],"tags":[],"class_list":["post-57423","post","type-post","status-publish","format-standard","has-post-thumbnail","hentry","category-banner","category-educacao","category-portal-secex"],"_links":{"self":[{"href":"https:\/\/www.tceam.tc.br\/index.php?rest_route=\/wp\/v2\/posts\/57423","targetHints":{"allow":["GET"]}}],"collection":[{"href":"https:\/\/www.tceam.tc.br\/index.php?rest_route=\/wp\/v2\/posts"}],"about":[{"href":"https:\/\/www.tceam.tc.br\/index.php?rest_route=\/wp\/v2\/types\/post"}],"author":[{"embeddable":true,"href":"https:\/\/www.tceam.tc.br\/index.php?rest_route=\/wp\/v2\/users\/49"}],"replies":[{"embeddable":true,"href":"https:\/\/www.tceam.tc.br\/index.php?rest_route=%2Fwp%2Fv2%2Fcomments&post=57423"}],"version-history":[{"count":1,"href":"https:\/\/www.tceam.tc.br\/index.php?rest_route=\/wp\/v2\/posts\/57423\/revisions"}],"predecessor-version":[{"id":57425,"href":"https:\/\/www.tceam.tc.br\/index.php?rest_route=\/wp\/v2\/posts\/57423\/revisions\/57425"}],"wp:featuredmedia":[{"embeddable":true,"href":"https:\/\/www.tceam.tc.br\/index.php?rest_route=\/wp\/v2\/media\/57424"}],"wp:attachment":[{"href":"https:\/\/www.tceam.tc.br\/index.php?rest_route=%2Fwp%2Fv2%2Fmedia&parent=57423"}],"wp:term":[{"taxonomy":"category","embeddable":true,"href":"https:\/\/www.tceam.tc.br\/index.php?rest_route=%2Fwp%2Fv2%2Fcategories&post=57423"},{"taxonomy":"post_tag","embeddable":true,"href":"https:\/\/www.tceam.tc.br\/index.php?rest_route=%2Fwp%2Fv2%2Ftags&post=57423"}],"curies":[{"name":"wp","href":"https:\/\/api.w.org\/{rel}","templated":true}]}}