
{"id":54040,"date":"2022-05-10T10:00:50","date_gmt":"2022-05-10T14:00:50","guid":{"rendered":"https:\/\/www.tceam.tc.br\/?p=54040"},"modified":"2023-11-23T11:27:10","modified_gmt":"2023-11-23T15:27:10","slug":"tce-am-inicia-fiscalizacao-remota-de-recursos-destinados-a-educacao-e-anuncia-ciclo-de-programa-nacional-de-formacao","status":"publish","type":"post","link":"https:\/\/www.tceam.tc.br\/?p=54040","title":{"rendered":"TCE-AM inicia fiscaliza\u00e7\u00e3o remota de recursos destinados \u00e0 educa\u00e7\u00e3o e anuncia ciclo de Programa Nacional de Forma\u00e7\u00e3o"},"content":{"rendered":"\n<p>Por meio de uma ferramenta eletr\u00f4nica denominada Sistema Informatizado de Auditorias de Programas Educacionais (Sinapse), o Tribunal de Contas do Amazonas (TCE-AM)\u00a0iniciou os trabalhos de fiscaliza\u00e7\u00e3o remota dos recursos aplicados na educa\u00e7\u00e3o p\u00fablica.<\/p>\n\n\n\n<p>&#8220;Os trabalhos de fiscaliza\u00e7\u00e3o remota s\u00e3o frutos de uma parceria entre as Cortes de Contas do Brasil, articulada pela Atricon e IRB, para dotarmos o controle externo de ferramentas tecnol\u00f3gicas capazes de garantir a efic\u00e1cia e efici\u00eancia dos trabalhos nos Tribunais de Contas. Isso se aplica e ser\u00e1 ben\u00e9fico especialmente no Amazonas para\u00a0vencermos as dist\u00e2ncias geogr\u00e1ficas&#8221;, explicou o presidente do TCE-AM, conselheiro \u00c9rico Desterro.<\/p>\n\n\n\n<p>Com o objetivo de facilitar a intera\u00e7\u00e3o entre a equipe de fiscaliza\u00e7\u00e3o do TCE e os jurisdicionados, em todas as etapas da fiscaliza\u00e7\u00e3o, a ferramenta Sinapse \u00e9 operacionalizada em parceria com a Rede Integrar de Fiscaliza\u00e7\u00e3o de Pol\u00edticas P\u00fablicas Descentralizadas (Rede Integrar). A Rede foi criada a partir de um acordo de coopera\u00e7\u00e3o t\u00e9cnica firmado entre o TCU, a Associa\u00e7\u00e3o dos Membros dos Tribunais de Contas do Brasil (Atricon), o Instituto Rui Barbosa (IRB), o TCE-AM e os demais Tribunais de Contas.<\/p>\n\n\n\n<p>&#8220;No primeiro ciclo de fiscaliza\u00e7\u00e3o, o Departamento de Auditoria em Educa\u00e7\u00e3o&nbsp;&nbsp;(DEAE) do TCE-AM) vai orientar os gestores da educa\u00e7\u00e3o a utilizar a ferramenta Sinapse para corrigir poss\u00edveis inadequa\u00e7\u00f5es, inclusive relacionadas \u00e0 forma\u00e7\u00e3o de professores&#8221;, afirmou o chefe do DEAE, J\u00falio Alan dos Santos Viana.<\/p>\n\n\n\n<p>Caso os gestores n\u00e3o participem desse primeiro ciclo de fiscaliza\u00e7\u00e3o, ainda sim devem observar se os professores da sua rede de ensino est\u00e3o com forma\u00e7\u00e3o adequada.<\/p>\n\n\n\n<p><strong>Programa Nacional de Forma\u00e7\u00e3o<\/strong><\/p>\n\n\n\n<p>Para fomentar a forma\u00e7\u00e3o dos professores da rede b\u00e1sica de ensino que se encontram sem especializa\u00e7\u00e3o na \u00e1rea, o DEAE do TCE-AM chama a aten\u00e7\u00e3o para o novo ciclo do Programa Nacional de Forma\u00e7\u00e3o de Professores da Educa\u00e7\u00e3o B\u00e1sica-Parfor, a ser realizado nos exerc\u00edcios de 2022 e 2023, conforme Edital n\u00ba 08\/2022, lan\u00e7ado pela Coordena\u00e7\u00e3o de Aperfei\u00e7oamento de Pessoal de N\u00edvel Superior (Capes), do Minist\u00e9rio da Educa\u00e7\u00e3o (MEC).<\/p>\n\n\n\n<p>Os cursos e as vagas ofertadas devem ser direcionados exclusivamente ao atendimento das demandas dos estados e dos munic\u00edpios por forma\u00e7\u00e3o dos professores que n\u00e3o possuem licenciatura em sua \u00e1rea de atua\u00e7\u00e3o nas escolas p\u00fablicas de educa\u00e7\u00e3o b\u00e1sica.<\/p>\n\n\n\n<p>O Edital 08\/2022 est\u00e1 selecionando institui\u00e7\u00f5es de todo o pa\u00eds para ofertar 12 mil vagas em cursos de licenciatura, no \u00e2mbito do Parfor, programa este que permite o acesso de professores em exerc\u00edcio \u00e0 forma\u00e7\u00e3o superior exigida na Lei de Diretrizes e Bases da Educa\u00e7\u00e3o Nacional (LDB).<\/p>\n\n\n\n<p>De acordo com o cronograma do Parfor a oferta dos cursos pr\u00e9-aprovados na Plataforma Capes de Educa\u00e7\u00e3o B\u00e1sica (Etapa de 2022) ser\u00e1 publicada em 1\u00ba de junho de 2022, devendo seguir, sequencialmente, as fases da sele\u00e7\u00e3o, conforme o Edital 08\/2022.<\/p>\n\n\n","protected":false},"excerpt":{"rendered":"<p>Por meio de uma ferramenta eletr\u00f4nica denominada Sistema Informatizado de Auditorias de Programas Educacionais (Sinapse), o Tribunal de Contas do Amazonas (TCE-AM)\u00a0iniciou os trabalhos de fiscaliza\u00e7\u00e3o remota dos recursos aplicados na educa\u00e7\u00e3o p\u00fablica. &#8220;Os trabalhos de fiscaliza\u00e7\u00e3o remota s\u00e3o frutos de uma parceria entre as Cortes de Contas do Brasil, articulada pela Atricon e IRB, [&hellip;]<\/p>\n","protected":false},"author":49,"featured_media":54041,"comment_status":"closed","ping_status":"closed","sticky":false,"template":"","format":"standard","meta":{"footnotes":""},"categories":[4,13,5,163],"tags":[],"class_list":["post-54040","post","type-post","status-publish","format-standard","has-post-thumbnail","hentry","category-banner","category-destaque","category-noticias","category-portal-secex"],"_links":{"self":[{"href":"https:\/\/www.tceam.tc.br\/index.php?rest_route=\/wp\/v2\/posts\/54040","targetHints":{"allow":["GET"]}}],"collection":[{"href":"https:\/\/www.tceam.tc.br\/index.php?rest_route=\/wp\/v2\/posts"}],"about":[{"href":"https:\/\/www.tceam.tc.br\/index.php?rest_route=\/wp\/v2\/types\/post"}],"author":[{"embeddable":true,"href":"https:\/\/www.tceam.tc.br\/index.php?rest_route=\/wp\/v2\/users\/49"}],"replies":[{"embeddable":true,"href":"https:\/\/www.tceam.tc.br\/index.php?rest_route=%2Fwp%2Fv2%2Fcomments&post=54040"}],"version-history":[{"count":1,"href":"https:\/\/www.tceam.tc.br\/index.php?rest_route=\/wp\/v2\/posts\/54040\/revisions"}],"predecessor-version":[{"id":54042,"href":"https:\/\/www.tceam.tc.br\/index.php?rest_route=\/wp\/v2\/posts\/54040\/revisions\/54042"}],"wp:featuredmedia":[{"embeddable":true,"href":"https:\/\/www.tceam.tc.br\/index.php?rest_route=\/wp\/v2\/media\/54041"}],"wp:attachment":[{"href":"https:\/\/www.tceam.tc.br\/index.php?rest_route=%2Fwp%2Fv2%2Fmedia&parent=54040"}],"wp:term":[{"taxonomy":"category","embeddable":true,"href":"https:\/\/www.tceam.tc.br\/index.php?rest_route=%2Fwp%2Fv2%2Fcategories&post=54040"},{"taxonomy":"post_tag","embeddable":true,"href":"https:\/\/www.tceam.tc.br\/index.php?rest_route=%2Fwp%2Fv2%2Ftags&post=54040"}],"curies":[{"name":"wp","href":"https:\/\/api.w.org\/{rel}","templated":true}]}}