
{"id":50988,"date":"2022-03-04T11:31:16","date_gmt":"2022-03-04T15:31:16","guid":{"rendered":"https:\/\/www.tceam.tc.br\/?p=50988"},"modified":"2023-11-23T11:24:18","modified_gmt":"2023-11-23T15:24:18","slug":"tce-am-alerta-prefeituras-para-que-se-adequem-ao-plano-nacional-de-educacao","status":"publish","type":"post","link":"https:\/\/www.tceam.tc.br\/?p=50988","title":{"rendered":"TCE-AM alerta prefeituras para que se adequem ao Plano Nacional de Educa\u00e7\u00e3o"},"content":{"rendered":"<audio class=\"wp-audio-shortcode\" id=\"audio-50988-1\" preload=\"none\" style=\"width: 100%;\" controls=\"controls\"><source type=\"audio\/mpeg\" src=\"https:\/\/www.tceam.tc.br\/wp-content\/uploads\/2022\/03\/4-TCE-AM-ALERTA-PREFEITURAS-PARA-QUE-SE-ADEQUEM-AO-PLANO-NACIONAL-DE-EDUCACAO-ALEFE.mp3?_=1\" \/><a href=\"https:\/\/www.tceam.tc.br\/wp-content\/uploads\/2022\/03\/4-TCE-AM-ALERTA-PREFEITURAS-PARA-QUE-SE-ADEQUEM-AO-PLANO-NACIONAL-DE-EDUCACAO-ALEFE.mp3\">https:\/\/www.tceam.tc.br\/wp-content\/uploads\/2022\/03\/4-TCE-AM-ALERTA-PREFEITURAS-PARA-QUE-SE-ADEQUEM-AO-PLANO-NACIONAL-DE-EDUCACAO-ALEFE.mp3<\/a><\/audio>\n<p style=\"text-align: justify;\">O Tribunal de Contas do Amazonas (TCE-AM) emitiu alerta para todas as prefeituras do Amazonas para que adequem suas leis que definem os planos de educa\u00e7\u00e3o ao que disp\u00f5e a Lei Nacional 13.005\/14. O objetivo do alerta \u00e9 fazer com que os munic\u00edpios tenham planos de educa\u00e7\u00e3o de acordo com o que rege o Plano Nacional de Educa\u00e7\u00e3o (PNE).<\/p>\n<p style=\"text-align: justify;\">O alerta foi publicado no Di\u00e1rio Oficial Eletr\u00f4nico (DOE) do TCE-AM e encaminhado aos gestores. O n\u00e3o cumprimento da legisla\u00e7\u00e3o pode acarretar em multas e demais san\u00e7\u00f5es durante a an\u00e1lise das presta\u00e7\u00f5es de contas anuais.<\/p>\n<p style=\"text-align: justify;\">De acordo com o presidente do TCE-AM, conselheiro \u00c9rico Desterro, o alerta decorre da necessidade de uma unidade educacional em todo o pa\u00eds, que deve ser regida pela Uni\u00e3o.<\/p>\n<p style=\"text-align: justify;\">\u201cA Constitui\u00e7\u00e3o Federal determina que a Uni\u00e3o tenha a compet\u00eancia para legislar sobre diretrizes e bases da educa\u00e7\u00e3o nacional, como no caso do Plano Nacional da Educa\u00e7\u00e3o, ou seja, os munic\u00edpios n\u00e3o podem, nas leis municipais, se afastar desses par\u00e2metros nacionais, \u00e9 preciso que exista uma unidade\u201d, explicou o conselheiro-presidente \u00c9rico Desterro.<\/p>\n<p style=\"text-align: justify;\">No alerta, o secret\u00e1rio-geral de Controle Externo do TCE-AM, Jorge Guedes Lobo, destaca que embora a Constitui\u00e7\u00e3o Federal tenha definido prioridades para os munic\u00edpios, todos os entes devem empreender esfor\u00e7os para ampliar o acesso e melhorar a qualidade da educa\u00e7\u00e3o.<\/p>\n<p style=\"text-align: justify;\">\u201cEssa \u00e9 uma obriga\u00e7\u00e3o regida pela Constitui\u00e7\u00e3o Federal que deixa bem claro que as autoridades competentes que n\u00e3o garantirem o oferecimento do ensino obrigat\u00f3rio pelo Poder P\u00fablico, ou a sua oferta regular de acordo com o que diz a lei do Plano Nacional da Educa\u00e7\u00e3o, essas autoridades ser\u00e3o responsabilizadas&#8221;, destacou o secret\u00e1rio-geral de controle externo do TCE-AM, Jorge Lobo.<\/p>\n<p style=\"text-align: justify;\">Ainda segundo Jorge Lobo, ainda \u00e9 aceito que os munic\u00edpios estabele\u00e7am metas diferentes do PNE, contanto que essas metas sejam superiores \u00e0s do \u00e2mbito nacional, ou seja, as metas n\u00e3o podem ser menores do que o PNE exige.<\/p>\n<p style=\"text-align: justify;\">\u201cComo o Plano Municipal de Educa\u00e7\u00e3o deve orientar a elabora\u00e7\u00e3o das leis or\u00e7ament\u00e1rias (PPA, LDO e LOA), bem como direcionar as prioridades e programa\u00e7\u00e3o das pol\u00edticas municipais de educa\u00e7\u00e3o, a falta de converg\u00eancia com o PNE prejudica o cumprimento das metas nacionais, e, por consequ\u00eancia, impacta negativamente o esfor\u00e7o conjunto para melhoria da educa\u00e7\u00e3o no Brasil\u201d, ressaltou o secret\u00e1rio da Secex, Jorge Lobo.<\/p>\n<p style=\"text-align: justify;\">O alerta destaca ainda que o alinhamento dos entes federativos no planejamento das pol\u00edticas p\u00fablicas de educa\u00e7\u00e3o permitir\u00e1, assim, que todos intensifiquem o empenho em atingir as metas do PNE, em especial nos tr\u00eas \u00faltimos anos do dec\u00eanio (2014 a 2024).<\/p>\n","protected":false},"excerpt":{"rendered":"<p>O Tribunal de Contas do Amazonas (TCE-AM) emitiu alerta para todas as prefeituras do Amazonas para que adequem suas leis que definem os planos de educa\u00e7\u00e3o ao que disp\u00f5e a Lei Nacional 13.005\/14. O objetivo do alerta \u00e9 fazer com que os munic\u00edpios tenham planos de educa\u00e7\u00e3o de acordo com o que rege o Plano [&hellip;]<\/p>\n","protected":false},"author":46,"featured_media":50989,"comment_status":"closed","ping_status":"closed","sticky":false,"template":"","format":"standard","meta":{"footnotes":""},"categories":[4,13,5,163],"tags":[],"class_list":["post-50988","post","type-post","status-publish","format-standard","has-post-thumbnail","hentry","category-banner","category-destaque","category-noticias","category-portal-secex"],"_links":{"self":[{"href":"https:\/\/www.tceam.tc.br\/index.php?rest_route=\/wp\/v2\/posts\/50988","targetHints":{"allow":["GET"]}}],"collection":[{"href":"https:\/\/www.tceam.tc.br\/index.php?rest_route=\/wp\/v2\/posts"}],"about":[{"href":"https:\/\/www.tceam.tc.br\/index.php?rest_route=\/wp\/v2\/types\/post"}],"author":[{"embeddable":true,"href":"https:\/\/www.tceam.tc.br\/index.php?rest_route=\/wp\/v2\/users\/46"}],"replies":[{"embeddable":true,"href":"https:\/\/www.tceam.tc.br\/index.php?rest_route=%2Fwp%2Fv2%2Fcomments&post=50988"}],"version-history":[{"count":2,"href":"https:\/\/www.tceam.tc.br\/index.php?rest_route=\/wp\/v2\/posts\/50988\/revisions"}],"predecessor-version":[{"id":51368,"href":"https:\/\/www.tceam.tc.br\/index.php?rest_route=\/wp\/v2\/posts\/50988\/revisions\/51368"}],"wp:featuredmedia":[{"embeddable":true,"href":"https:\/\/www.tceam.tc.br\/index.php?rest_route=\/wp\/v2\/media\/50989"}],"wp:attachment":[{"href":"https:\/\/www.tceam.tc.br\/index.php?rest_route=%2Fwp%2Fv2%2Fmedia&parent=50988"}],"wp:term":[{"taxonomy":"category","embeddable":true,"href":"https:\/\/www.tceam.tc.br\/index.php?rest_route=%2Fwp%2Fv2%2Fcategories&post=50988"},{"taxonomy":"post_tag","embeddable":true,"href":"https:\/\/www.tceam.tc.br\/index.php?rest_route=%2Fwp%2Fv2%2Ftags&post=50988"}],"curies":[{"name":"wp","href":"https:\/\/api.w.org\/{rel}","templated":true}]}}