
{"id":46290,"date":"2021-07-14T12:07:43","date_gmt":"2021-07-14T16:07:43","guid":{"rendered":"https:\/\/www.tceam.tc.br\/?p=46290"},"modified":"2021-07-26T09:55:18","modified_gmt":"2021-07-26T13:55:18","slug":"%e2%80%8btce-aprova-envio-de-orientacao-tecnica-aos-municipios-para-destinacao-de-recursos-para-saude","status":"publish","type":"post","link":"https:\/\/www.tceam.tc.br\/?p=46290","title":{"rendered":"\u200bTCE aprova envio de orienta\u00e7\u00e3o t\u00e9cnica aos munic\u00edpios para destina\u00e7\u00e3o de recursos para Sa\u00fade"},"content":{"rendered":"<p style=\"text-align: right;\"><span style=\"color: #000000; font-family: verdana, geneva, sans-serif;\"><span style=\"font-size: 13.3333px;\">Acesse a nota t\u00e9cnica, <a href=\"https:\/\/www.tceam.tc.br\/wp-content\/uploads\/2021\/07\/INSTRUMENTOS_DE_PLANEJAMENTO_DO_SUS-2.pdf\">aqui<\/a><\/span><\/span><\/p>\n<p style=\"text-align: justify;\"><span style=\"color: #000000; font-family: verdana, geneva, sans-serif; font-size: 10pt;\">Diante da falta de transpar\u00eancia nos gastos p\u00fablicos com a Sa\u00fade, o Tribunal de Contas do Amazonas (TCE-AM) aprovou, durante a 23\u00aa sess\u00e3o do Tribunal Pleno, realizada nesta quarta-feira (14), o envio de uma nota t\u00e9cnica orientando os munic\u00edpios a se adequarem \u00e0 legisla\u00e7\u00e3o.<\/span><\/p>\n<p style=\"text-align: justify;\"><span style=\"color: #000000; font-family: verdana, geneva, sans-serif; font-size: 10pt;\">A adequa\u00e7\u00e3o \u00e0s normas vigentes de transpar\u00eancia \u00e9 importante pelo fato de que a gest\u00e3o de sa\u00fade no munic\u00edpio tem a incumb\u00eancia de elaborar um Plano Municipal de Sa\u00fade, que serve como base para os programas de sa\u00fade definidos no Plano Plurianual (PPA).<\/span><\/p>\n<p style=\"text-align: justify;\"><span style=\"color: #000000; font-family: verdana, geneva, sans-serif; font-size: 10pt;\">O Plano tamb\u00e9m \u00e9 a base para a prepara\u00e7\u00e3o da Programa\u00e7\u00e3o Anual de Sa\u00fade (PAS), que normaliza as metas e planos para cr\u00e9ditos or\u00e7ament\u00e1rios necess\u00e1rios para custear despesas a serem executadas nos exerc\u00edcios subsequentes, al\u00e9m de orientar a programa\u00e7\u00e3o da proposta de Lei Or\u00e7ament\u00e1ria Anual (LOA) de cada munic\u00edpio.<\/span><\/p>\n<p style=\"text-align: justify;\"><span style=\"color: #000000; font-family: verdana, geneva, sans-serif; font-size: 10pt;\">Conforme o conselheiro-presidente da Corte de Contas, Mario de Mello, o fato de as plataformas para transpar\u00eancia\u00a0nos gastos com sa\u00fade nos munic\u00edpios serem quase inexistentes, acaba dificultando o trabalho de fiscaliza\u00e7\u00e3o do Tribunal.<\/span><\/p>\n<p style=\"text-align: justify;\"><span style=\"color: #000000; font-family: verdana, geneva, sans-serif; font-size: 10pt;\">\u201cApesar da elabora\u00e7\u00e3o e transpar\u00eancia desse instrumento ser obrigat\u00f3rio, nenhum dos 61 munic\u00edpios do interior possui mecanismo de transpar\u00eancia de tal instrumento. Sendo assim, nossa Corte de Contas tem encontrado muita dificuldade de acesso \u00e0s ferramentas necess\u00e1rias para dar concretude \u00e0s diretrizes da Atricon, devido justamente \u00e0 falta de transpar\u00eancia nos munic\u00edpios. Nenhum dos munic\u00edpios d\u00e1 publicidade por meio eletr\u00f4nico de acesso p\u00fablico aos dados de gest\u00e3o da \u00e1rea de sa\u00fade\u201d, disse o presidente do TCE-AM, conselheiro Mario de Mello.<\/span><\/p>\n<p style=\"text-align: justify;\"><span style=\"color: #000000; font-family: verdana, geneva, sans-serif; font-size: 10pt;\">Ainda segundo Mario de Mello, a emiss\u00e3o da orienta\u00e7\u00e3o t\u00e9cnica faz parte de um primeiro momento, no qual o TCE age de forma pedag\u00f3gica, ensinando os gestores p\u00fablicos a se adequarem de forma correta \u00e0s normas de transpar\u00eancia, para, ent\u00e3o, o Tribunal realizar as fiscaliza\u00e7\u00f5es necess\u00e1rias.<\/span><\/p>\n<p style=\"text-align: justify;\"><span style=\"color: #000000; font-family: verdana, geneva, sans-serif; font-size: 10pt;\">\u201cDecidimos, nesse primeiro momento, por um trabalho de base junto aos munic\u00edpios. \u00c9 do interesse do TCE e da sociedade que os gestores aprendam a tratar o gasto p\u00fablico, principalmente da \u00e1rea de sa\u00fade, de forma correta, o que vai facilitar a vida do corpo t\u00e9cnico do Tribunal na hora que formos realizar essas fiscaliza\u00e7\u00f5es\u201d, ressaltou o presidente da Corte de Contas, conselheiro Mario de Mello.<\/span><\/p>\n<p style=\"text-align: justify;\"><span style=\"color: #000000; font-family: verdana, geneva, sans-serif; font-size: 10pt;\">A orienta\u00e7\u00e3o t\u00e9cnica foi coordenada pela Departamento de Auditoria em Sa\u00fade do TCE e cont\u00e9m question\u00e1rio fechado, abordando os principais temas relacionados aos instrumentos de planejamento do SUS e or\u00e7amento da sa\u00fade.<\/span><\/p>\n<div dir=\"auto\" style=\"text-align: justify;\"><span style=\"color: #000000; font-family: verdana, geneva, sans-serif; font-size: 10pt;\">Texto: Pedro Sousa<\/span><\/div>\n","protected":false},"excerpt":{"rendered":"<p>Acesse a nota t\u00e9cnica, aqui Diante da falta de transpar\u00eancia nos gastos p\u00fablicos com a Sa\u00fade, o Tribunal de Contas do Amazonas (TCE-AM) aprovou, durante a 23\u00aa sess\u00e3o do Tribunal Pleno, realizada nesta quarta-feira (14), o envio de uma nota t\u00e9cnica orientando os munic\u00edpios a se adequarem \u00e0 legisla\u00e7\u00e3o. A adequa\u00e7\u00e3o \u00e0s normas vigentes de [&hellip;]<\/p>\n","protected":false},"author":46,"featured_media":46291,"comment_status":"closed","ping_status":"closed","sticky":false,"template":"","format":"standard","meta":{"footnotes":""},"categories":[4,13,5],"tags":[],"class_list":["post-46290","post","type-post","status-publish","format-standard","has-post-thumbnail","hentry","category-banner","category-destaque","category-noticias"],"_links":{"self":[{"href":"https:\/\/www.tceam.tc.br\/index.php?rest_route=\/wp\/v2\/posts\/46290","targetHints":{"allow":["GET"]}}],"collection":[{"href":"https:\/\/www.tceam.tc.br\/index.php?rest_route=\/wp\/v2\/posts"}],"about":[{"href":"https:\/\/www.tceam.tc.br\/index.php?rest_route=\/wp\/v2\/types\/post"}],"author":[{"embeddable":true,"href":"https:\/\/www.tceam.tc.br\/index.php?rest_route=\/wp\/v2\/users\/46"}],"replies":[{"embeddable":true,"href":"https:\/\/www.tceam.tc.br\/index.php?rest_route=%2Fwp%2Fv2%2Fcomments&post=46290"}],"version-history":[{"count":3,"href":"https:\/\/www.tceam.tc.br\/index.php?rest_route=\/wp\/v2\/posts\/46290\/revisions"}],"predecessor-version":[{"id":46675,"href":"https:\/\/www.tceam.tc.br\/index.php?rest_route=\/wp\/v2\/posts\/46290\/revisions\/46675"}],"wp:featuredmedia":[{"embeddable":true,"href":"https:\/\/www.tceam.tc.br\/index.php?rest_route=\/wp\/v2\/media\/46291"}],"wp:attachment":[{"href":"https:\/\/www.tceam.tc.br\/index.php?rest_route=%2Fwp%2Fv2%2Fmedia&parent=46290"}],"wp:term":[{"taxonomy":"category","embeddable":true,"href":"https:\/\/www.tceam.tc.br\/index.php?rest_route=%2Fwp%2Fv2%2Fcategories&post=46290"},{"taxonomy":"post_tag","embeddable":true,"href":"https:\/\/www.tceam.tc.br\/index.php?rest_route=%2Fwp%2Fv2%2Ftags&post=46290"}],"curies":[{"name":"wp","href":"https:\/\/api.w.org\/{rel}","templated":true}]}}