
{"id":41253,"date":"2020-09-01T17:37:05","date_gmt":"2020-09-01T21:37:05","guid":{"rendered":"https:\/\/www.tceam.tc.br\/?p=41253"},"modified":"2020-09-01T17:37:05","modified_gmt":"2020-09-01T21:37:05","slug":"edital-de-licitacao-pregao-presencial-no-01-2020-2","status":"publish","type":"post","link":"https:\/\/www.tceam.tc.br\/?p=41253","title":{"rendered":"EDITAL DE LICITA\u00c7\u00c3O PREG\u00c3O PRESENCIAL No 01\/2020"},"content":{"rendered":"<p>DO OBJETO<br \/>\n1.1. A presente licita\u00e7\u00e3o tem por objeto a contrata\u00e7\u00e3o de entidade sem fins lucrativos para recrutamento, sele\u00e7\u00e3o, contrata\u00e7\u00e3o, capacita\u00e7\u00e3o, acompanhamento e disponibiliza\u00e7\u00e3o de Menores Aprendizes ao Tribunal de Contas do Estado do Amazonas, em atendimento \u00e0 Lei do Aprendiz no 10.097\/2000 e em conformidade com as condi\u00e7\u00f5es estabelecidas no Decreto no 9.579\/2018, nas Portarias nos 723\/2012, 1.005\/2013, do Minist\u00e9rio do Trabalho e Emprego &#8211; MTE e nas legisla\u00e7\u00f5es subsidi\u00e1rias, para promo\u00e7\u00e3o de aprendizagem para 50 (cinquenta) menores com faixa et\u00e1ria entre 14 (quatorze) e 16 (dezessete) anos completos, pelo prazo de 24 (vinte e quatro) meses, com a finalidade de promover sua forma\u00e7\u00e3o t\u00e9cnico-profissional met\u00f3dica e compat\u00edvel com seu desenvolvimento<br \/>\nf\u00edsico, moral e psicol\u00f3gico, conforme especifica\u00e7\u00f5es no Termo de Refer\u00eancia (Anexo I);<\/p>\n<p><span style=\"color: #ff0000;\"><strong><a style=\"color: #ff0000;\" href=\"https:\/\/www.tceam.tc.br\/wp-content\/uploads\/2020\/09\/PP-01_2020_Menores-Aprendizes_final_pub.pdf\" target=\"_blank\" rel=\"noopener noreferrer\">CLIQUE AQUI<\/a><\/strong><\/span><\/p>\n","protected":false},"excerpt":{"rendered":"<p>DO OBJETO 1.1. A presente licita\u00e7\u00e3o tem por objeto a contrata\u00e7\u00e3o de entidade sem fins lucrativos para recrutamento, sele\u00e7\u00e3o, contrata\u00e7\u00e3o, capacita\u00e7\u00e3o, acompanhamento e disponibiliza\u00e7\u00e3o de Menores Aprendizes ao Tribunal de Contas do Estado do Amazonas, em atendimento \u00e0 Lei do Aprendiz no 10.097\/2000 e em conformidade com as condi\u00e7\u00f5es estabelecidas no Decreto no 9.579\/2018, nas [&hellip;]<\/p>\n","protected":false},"author":3,"featured_media":24869,"comment_status":"closed","ping_status":"closed","sticky":false,"template":"","format":"standard","meta":{"footnotes":""},"categories":[18,155],"tags":[],"class_list":["post-41253","post","type-post","status-publish","format-standard","has-post-thumbnail","hentry","category-licitacoes","category-licitacoes-exercicio-2020"],"_links":{"self":[{"href":"https:\/\/www.tceam.tc.br\/index.php?rest_route=\/wp\/v2\/posts\/41253","targetHints":{"allow":["GET"]}}],"collection":[{"href":"https:\/\/www.tceam.tc.br\/index.php?rest_route=\/wp\/v2\/posts"}],"about":[{"href":"https:\/\/www.tceam.tc.br\/index.php?rest_route=\/wp\/v2\/types\/post"}],"author":[{"embeddable":true,"href":"https:\/\/www.tceam.tc.br\/index.php?rest_route=\/wp\/v2\/users\/3"}],"replies":[{"embeddable":true,"href":"https:\/\/www.tceam.tc.br\/index.php?rest_route=%2Fwp%2Fv2%2Fcomments&post=41253"}],"version-history":[{"count":0,"href":"https:\/\/www.tceam.tc.br\/index.php?rest_route=\/wp\/v2\/posts\/41253\/revisions"}],"wp:featuredmedia":[{"embeddable":true,"href":"https:\/\/www.tceam.tc.br\/index.php?rest_route=\/wp\/v2\/media\/24869"}],"wp:attachment":[{"href":"https:\/\/www.tceam.tc.br\/index.php?rest_route=%2Fwp%2Fv2%2Fmedia&parent=41253"}],"wp:term":[{"taxonomy":"category","embeddable":true,"href":"https:\/\/www.tceam.tc.br\/index.php?rest_route=%2Fwp%2Fv2%2Fcategories&post=41253"},{"taxonomy":"post_tag","embeddable":true,"href":"https:\/\/www.tceam.tc.br\/index.php?rest_route=%2Fwp%2Fv2%2Ftags&post=41253"}],"curies":[{"name":"wp","href":"https:\/\/api.w.org\/{rel}","templated":true}]}}