
{"id":40939,"date":"2020-08-13T13:15:26","date_gmt":"2020-08-13T17:15:26","guid":{"rendered":"https:\/\/www.tceam.tc.br\/?p=40939"},"modified":"2020-08-27T13:21:55","modified_gmt":"2020-08-27T17:21:55","slug":"tce-am-emite-nota-tecnica-sobre-a-nova-previdencia-social-de-servidores-publicos","status":"publish","type":"post","link":"https:\/\/www.tceam.tc.br\/?p=40939","title":{"rendered":"TCE-AM emite nota t\u00e9cnica sobre a nova previd\u00eancia social de servidores p\u00fablicos"},"content":{"rendered":"<div dir=\"ltr\" style=\"text-align: right;\"><span style=\"color: #0000ff;\"><a style=\"color: #0000ff;\" href=\"https:\/\/www.tceam.tc.br\/wp-content\/uploads\/2020\/08\/NOTA_TECNICA_N._1_EC_n._13.2019_TCE.AM_.assinado.pdf\">Acesse a nota t\u00e9cnica, AQUI.<\/a><\/span><\/div>\n<div dir=\"ltr\"><\/div>\n<div dir=\"ltr\">\n<p><span style=\"font-family: tahoma, sans-serif;\"><span class=\"gmail_default\">\u200b<\/span>O Tribunal de Contas do Amazonas (TCE-AM), por meio da Diretoria de Controle Externo de Regime Pr\u00f3prio de Previd\u00eancia Social (Dicerp), emitiu uma nota t\u00e9cnica sobre os procedimentos a serem adotados para o cumprimento das novas altera\u00e7\u00f5es na contribui\u00e7\u00e3o previdenci\u00e1ria dos servidores p\u00fablicos.<\/span><\/p>\n<p>&nbsp;<\/p>\n<\/div>\n<div dir=\"ltr\"><span style=\"font-family: tahoma, sans-serif;\">A Emenda Constitucional n\u00ba 13\/2019 do artigo 9\u00ba, publicada em novembro do ano passado, altera al\u00edquotas de contribui\u00e7\u00f5es tanto para servidores p\u00fablicos ativos, quanto inativos e pensionistas. Dessa forma, a presid\u00eancia do TCE-AM e a Secretaria de Controle Externo (Secex), setor ao qual a Dicerp \u00e9 ligada, enxergaram a necessidade de pontuar as novas especifica\u00e7\u00f5es previstas na emenda, que afetam diretamente a Administra\u00e7\u00e3o P\u00fablica.<\/span><\/div>\n<div dir=\"ltr\"><span style=\"font-family: tahoma, sans-serif;\"><br \/>\nDentre as diretrizes para aplica\u00e7\u00e3o das mudan\u00e7as, a nota t\u00e9cnica orienta sobre a contribui\u00e7\u00e3o dos munic\u00edpios, por lei pr\u00f3pria, ou ades\u00e3o \u00e0s regras estaduais, tendo em vista a autonomia legislativa do ente municipal. No entanto, conforme estabelece a nova emenda, as al\u00edquotas de contribui\u00e7\u00e3o ordin\u00e1ria n\u00e3o podem ser inferiores aos 14% fixados e aplicados \u00e0 Uni\u00e3o.<\/span><\/div>\n<div dir=\"ltr\"><span style=\"font-family: tahoma, sans-serif;\">\u00a0<\/span><\/div>\n<div dir=\"ltr\"><span style=\"font-family: tahoma, sans-serif;\">\u00a0A nota tamb\u00e9m chama a aten\u00e7\u00e3o ao C\u00f3digo Tribut\u00e1rio Nacional, destacando a obrigatoriedade de que, qualquer altera\u00e7\u00e3o em tributos referentes \u00e0 contribui\u00e7\u00e3o social, seja feita por meio de norma legal pr\u00f3pria do ente federativo.\u00a0<\/span><\/div>\n<div dir=\"ltr\"><span style=\"font-family: tahoma, sans-serif;\"><br \/>\nOutro destaque dado pela orienta\u00e7\u00e3o t\u00e9cnica foi ao Certificado de Regularidade Previdenci\u00e1ria (CRP), que \u00e9 respons\u00e1vel por condicionar a efetiva\u00e7\u00e3o da realiza\u00e7\u00e3o de transfer\u00eancias volunt\u00e1rias de recursos pela Uni\u00e3o; celebra\u00e7\u00f5es de acordos, contratos, conv\u00eanios e ajustes; libera\u00e7\u00e3o de recursos de empr\u00e9stimos e financiamento; pagamento dos valores devidos pelo Regime Geral de Previd\u00eancia Social.\u00a0<\/span><\/div>\n<div dir=\"ltr\"><span style=\"font-family: tahoma, sans-serif;\">\u00a0<\/span><\/div>\n<div dir=\"ltr\"><span style=\"font-family: tahoma, sans-serif;\">Na Portaria n\u00ba 18.084\/2020, publicada em julho deste ano, o prazo para que os entes cumpram todos os crit\u00e9rios e exig\u00eancias para emiss\u00e3o do CRP foi fixado em 30 de setembro de 2020.\u00a0<\/span><\/div>\n<div dir=\"ltr\"><span style=\"font-family: tahoma, sans-serif;\"><span style=\"font-family: tahoma, sans-serif;\"><br \/>\nA Dicerp pontuou, ainda, sobre os equil\u00edbrios atuarial e financeiro, que dever\u00e3o ser comprovados por meio de garantia de equival\u00eancia entre o fluxo das receitas estimadas e o de despesas projetadas. Junto a eles, tamb\u00e9m ser\u00e1 preciso levar em considera\u00e7\u00e3o os bens, ativos vinculados e direitos, comparados \u00e0s obriga\u00e7\u00f5es assumidas, para, dessa forma, evidenciar que o plano de benef\u00edcios tem a devida solidez necess\u00e1ria.<\/span><\/span><\/p>\n<div dir=\"auto\"><span style=\"font-family: tahoma, sans-serif;\">Texto: Lucas Silva<\/span><\/div>\n<\/div>\n","protected":false},"excerpt":{"rendered":"<p>Acesse a nota t\u00e9cnica, AQUI. \u200bO Tribunal de Contas do Amazonas (TCE-AM), por meio da Diretoria de Controle Externo de Regime Pr\u00f3prio de Previd\u00eancia Social (Dicerp), emitiu uma nota t\u00e9cnica sobre os procedimentos a serem adotados para o cumprimento das novas altera\u00e7\u00f5es na contribui\u00e7\u00e3o previdenci\u00e1ria dos servidores p\u00fablicos. &nbsp; A Emenda Constitucional n\u00ba 13\/2019 do [&hellip;]<\/p>\n","protected":false},"author":46,"featured_media":41113,"comment_status":"closed","ping_status":"closed","sticky":false,"template":"","format":"standard","meta":{"footnotes":""},"categories":[4,13,5,163],"tags":[],"class_list":["post-40939","post","type-post","status-publish","format-standard","has-post-thumbnail","hentry","category-banner","category-destaque","category-noticias","category-portal-secex"],"_links":{"self":[{"href":"https:\/\/www.tceam.tc.br\/index.php?rest_route=\/wp\/v2\/posts\/40939","targetHints":{"allow":["GET"]}}],"collection":[{"href":"https:\/\/www.tceam.tc.br\/index.php?rest_route=\/wp\/v2\/posts"}],"about":[{"href":"https:\/\/www.tceam.tc.br\/index.php?rest_route=\/wp\/v2\/types\/post"}],"author":[{"embeddable":true,"href":"https:\/\/www.tceam.tc.br\/index.php?rest_route=\/wp\/v2\/users\/46"}],"replies":[{"embeddable":true,"href":"https:\/\/www.tceam.tc.br\/index.php?rest_route=%2Fwp%2Fv2%2Fcomments&post=40939"}],"version-history":[{"count":0,"href":"https:\/\/www.tceam.tc.br\/index.php?rest_route=\/wp\/v2\/posts\/40939\/revisions"}],"wp:featuredmedia":[{"embeddable":true,"href":"https:\/\/www.tceam.tc.br\/index.php?rest_route=\/wp\/v2\/media\/41113"}],"wp:attachment":[{"href":"https:\/\/www.tceam.tc.br\/index.php?rest_route=%2Fwp%2Fv2%2Fmedia&parent=40939"}],"wp:term":[{"taxonomy":"category","embeddable":true,"href":"https:\/\/www.tceam.tc.br\/index.php?rest_route=%2Fwp%2Fv2%2Fcategories&post=40939"},{"taxonomy":"post_tag","embeddable":true,"href":"https:\/\/www.tceam.tc.br\/index.php?rest_route=%2Fwp%2Fv2%2Ftags&post=40939"}],"curies":[{"name":"wp","href":"https:\/\/api.w.org\/{rel}","templated":true}]}}