
{"id":40930,"date":"2020-08-12T12:22:40","date_gmt":"2020-08-12T16:22:40","guid":{"rendered":"https:\/\/www.tceam.tc.br\/?p=40930"},"modified":"2020-08-19T11:37:54","modified_gmt":"2020-08-19T15:37:54","slug":"%e2%80%8btribunal-emite-alerta-fiscal-aos-gestores-sobre-gastos-durante-o-periodo-eleitoral","status":"publish","type":"post","link":"https:\/\/www.tceam.tc.br\/?p=40930","title":{"rendered":"\u200bTribunal emite alerta fiscal aos gestores sobre gastos durante o per\u00edodo eleitoral"},"content":{"rendered":"<p>&nbsp;<\/p>\n<p><span style=\"font-family: tahoma, sans-serif;\">Os gestores do Amazonas ser\u00e3o alertados pelo Tribunal de Contas do Estado (TCE-AM) sobre as veda\u00e7\u00f5es impostas pelas Leis de Responsabilidade Fiscal (Lei n\u00ba 101) e de Licita\u00e7\u00f5es e Contrata\u00e7\u00f5es P\u00fablicas (Lei n\u00ba 8.666), bem como pela Legisla\u00e7\u00e3o eleitoral aos gastos, especialmente durante o per\u00edodo eleitoral.<\/span><\/p>\n<p>A minuta do alerta foi apresentada pelo procurador-geral do Minist\u00e9rio P\u00fablico de Contas, Jo\u00e3o Barroso,\u00a0 aprovada por unanimidade pelo Tribunal Pleno e deve ser publicada no Di\u00e1rio Oficial Eletr\u00f4nico (DOE) da\u00a0 Corte de Contas.<\/p>\n<p>&#8220;Precisamos agir preventivamente e alertar aos gestores sobre o que prev\u00ea a legisla\u00e7\u00e3o referente aos gastos p\u00fablicos, especialmente no per\u00edodo eleitoral, porque a celebra\u00e7\u00e3o de conv\u00eanios ou instrumentos similares, inclusive os relacionados a obras e\/ou servi\u00e7os de engenharia, em ano de elei\u00e7\u00e3o pode representar medida eleitoreira e implicar no descumprimento de diversas normas em detrimento da sociedade e do er\u00e1rio&#8221;, afirmou o presidente da Corte de Contas, conselheiro Mario de Mello.<\/p>\n<h5><b><span style=\"color: #ff0000;\">Orienta\u00e7\u00f5es<\/span><\/b><\/h5>\n<p>De acordo com o alerta, os gestores devem abster-se de celebrar conv\u00eanios (ou instrumentos similares) ou repasses em ajustes j\u00e1 formalizados (e que ainda n\u00e3o tenha sido efetuada a transfer\u00eancia de recursos), incluindo aqueles voltados a obras e servi\u00e7os de engenharia, nos tr\u00eas meses que antecedem o pleito eleitoral. Todos os gastos e a\u00e7\u00f5es devem ter ampla publicidade e transpar\u00eancia, como determina a legisla\u00e7\u00e3o.<\/p>\n<p>O TCE-AM determinou, ainda, que os gestores observem que a lei or\u00e7ament\u00e1ria e as de cr\u00e9ditos adicionais s\u00f3 permitem incluir novos projetos ap\u00f3s atendidos os projetos em andamento e contempladas as despesas de conserva\u00e7\u00e3o do patrim\u00f4nio p\u00fablico, al\u00e9m de n\u00e3o realizar pagamentos fora da ordem cronol\u00f3gica.<\/p>\n<p>Em respeito \u00e0 legisla\u00e7\u00e3o eleitoral, o Tribunal tamb\u00e9m alertou aos gestores que est\u00e1 proibida a\u00a0distribui\u00e7\u00e3o gratuita de bens, valores ou benef\u00edcios por parte da Administra\u00e7\u00e3o P\u00fablica e que est\u00e1 proibida a contrata\u00e7\u00e3o de shows pagos com recursos p\u00fablicos nos tr\u00eas meses que antecedem as elei\u00e7\u00f5es.<\/p>\n<p>&nbsp;<\/p>\n<div dir=\"auto\"><span style=\"font-family: tahoma, sans-serif;\">Texto: Camila Carvalho\u00a0 \u00a0 Foto: Rayanna Sim\u00f5es\u00a0 Edi\u00e7\u00e3o: Elvis Chaves<\/span><\/div>\n<p>&nbsp;<\/p>\n","protected":false},"excerpt":{"rendered":"<p>&nbsp; Os gestores do Amazonas ser\u00e3o alertados pelo Tribunal de Contas do Estado (TCE-AM) sobre as veda\u00e7\u00f5es impostas pelas Leis de Responsabilidade Fiscal (Lei n\u00ba 101) e de Licita\u00e7\u00f5es e Contrata\u00e7\u00f5es P\u00fablicas (Lei n\u00ba 8.666), bem como pela Legisla\u00e7\u00e3o eleitoral aos gastos, especialmente durante o per\u00edodo eleitoral. A minuta do alerta foi apresentada pelo procurador-geral [&hellip;]<\/p>\n","protected":false},"author":46,"featured_media":40931,"comment_status":"closed","ping_status":"closed","sticky":false,"template":"","format":"standard","meta":{"footnotes":""},"categories":[4,13,5,163],"tags":[],"class_list":["post-40930","post","type-post","status-publish","format-standard","has-post-thumbnail","hentry","category-banner","category-destaque","category-noticias","category-portal-secex"],"_links":{"self":[{"href":"https:\/\/www.tceam.tc.br\/index.php?rest_route=\/wp\/v2\/posts\/40930","targetHints":{"allow":["GET"]}}],"collection":[{"href":"https:\/\/www.tceam.tc.br\/index.php?rest_route=\/wp\/v2\/posts"}],"about":[{"href":"https:\/\/www.tceam.tc.br\/index.php?rest_route=\/wp\/v2\/types\/post"}],"author":[{"embeddable":true,"href":"https:\/\/www.tceam.tc.br\/index.php?rest_route=\/wp\/v2\/users\/46"}],"replies":[{"embeddable":true,"href":"https:\/\/www.tceam.tc.br\/index.php?rest_route=%2Fwp%2Fv2%2Fcomments&post=40930"}],"version-history":[{"count":0,"href":"https:\/\/www.tceam.tc.br\/index.php?rest_route=\/wp\/v2\/posts\/40930\/revisions"}],"wp:featuredmedia":[{"embeddable":true,"href":"https:\/\/www.tceam.tc.br\/index.php?rest_route=\/wp\/v2\/media\/40931"}],"wp:attachment":[{"href":"https:\/\/www.tceam.tc.br\/index.php?rest_route=%2Fwp%2Fv2%2Fmedia&parent=40930"}],"wp:term":[{"taxonomy":"category","embeddable":true,"href":"https:\/\/www.tceam.tc.br\/index.php?rest_route=%2Fwp%2Fv2%2Fcategories&post=40930"},{"taxonomy":"post_tag","embeddable":true,"href":"https:\/\/www.tceam.tc.br\/index.php?rest_route=%2Fwp%2Fv2%2Ftags&post=40930"}],"curies":[{"name":"wp","href":"https:\/\/api.w.org\/{rel}","templated":true}]}}